{"id":2652,"date":"2024-03-08T00:08:37","date_gmt":"2024-03-07T23:08:37","guid":{"rendered":"http:\/\/kammermusik-im-bibliothekssaal.de\/?p=2652"},"modified":"2024-03-08T00:08:38","modified_gmt":"2024-03-07T23:08:38","slug":"ende-der-regelmaessigen-konzertreihe","status":"publish","type":"post","link":"https:\/\/kammermusik-im-bibliothekssaal.de\/?p=2652","title":{"rendered":"Ende der regelm\u00e4\u00dfigen Konzertreihe"},"content":{"rendered":"\n<p>Nach 15 Jahren endete mit dem Konzert am vergangenen Samstag den 2. M\u00e4rz 2024 die regelm\u00e4\u00dfige Konzertreihe. <br>Schweren Herzens aber auch voller Pl\u00e4ne f\u00fcr andere Dinge muss ich leider die &#8222;Kammermusik im Bibliothekssaal&#8220; in der bisherigen Form einstellen.<br>Vielleicht ergeben sich noch einige spontane Konzerte in den n\u00e4chsten Jahren. <br>Ich w\u00fcrde mich freuen, Sie dann in unserer &#8222;gewohnten&#8220; Umgebung wiederzusehen!<br><a href=\"https:\/\/kammermusik-im-bibliothekssaal.de\/wp-content\/uploads\/2024\/03\/Kreisbote_Landsberg_06.03.2024.pdf\">Hier ein Ber<\/a><a href=\"https:\/\/kammermusik-im-bibliothekssaal.de\/wp-content\/uploads\/2024\/03\/Kreisbote_Landsberg_06.03.2024.pdf\" target=\"_blank\" rel=\"noreferrer noopener\">icht des Kreisboten<\/a>.<\/p>\n","protected":false},"excerpt":{"rendered":"<p>Nach 15 Jahren endete mit dem Konzert am vergangenen Samstag den 2. M\u00e4rz 2024 die regelm\u00e4\u00dfige Konzertreihe. Schweren Herzens aber auch voller Pl\u00e4ne f\u00fcr andere Dinge muss ich leider die &#8222;Kammermusik im Bibliothekssaal&#8220; in der bisherigen Form einstellen.Vielleicht ergeben sich<\/p>\n","protected":false},"author":1,"featured_media":2357,"comment_status":"closed","ping_status":"closed","sticky":false,"template":"","format":"standard","meta":{"footnotes":""},"categories":[9],"tags":[],"class_list":["post-2652","post","type-post","status-publish","format-standard","has-post-thumbnail","hentry","category-allgemein"],"_links":{"self":[{"href":"https:\/\/kammermusik-im-bibliothekssaal.de\/index.php?rest_route=\/wp\/v2\/posts\/2652"}],"collection":[{"href":"https:\/\/kammermusik-im-bibliothekssaal.de\/index.php?rest_route=\/wp\/v2\/posts"}],"about":[{"href":"https:\/\/kammermusik-im-bibliothekssaal.de\/index.php?rest_route=\/wp\/v2\/types\/post"}],"author":[{"embeddable":true,"href":"https:\/\/kammermusik-im-bibliothekssaal.de\/index.php?rest_route=\/wp\/v2\/users\/1"}],"replies":[{"embeddable":true,"href":"https:\/\/kammermusik-im-bibliothekssaal.de\/index.php?rest_route=%2Fwp%2Fv2%2Fcomments&post=2652"}],"version-history":[{"count":2,"href":"https:\/\/kammermusik-im-bibliothekssaal.de\/index.php?rest_route=\/wp\/v2\/posts\/2652\/revisions"}],"predecessor-version":[{"id":2654,"href":"https:\/\/kammermusik-im-bibliothekssaal.de\/index.php?rest_route=\/wp\/v2\/posts\/2652\/revisions\/2654"}],"wp:featuredmedia":[{"embeddable":true,"href":"https:\/\/kammermusik-im-bibliothekssaal.de\/index.php?rest_route=\/wp\/v2\/media\/2357"}],"wp:attachment":[{"href":"https:\/\/kammermusik-im-bibliothekssaal.de\/index.php?rest_route=%2Fwp%2Fv2%2Fmedia&parent=2652"}],"wp:term":[{"taxonomy":"category","embeddable":true,"href":"https:\/\/kammermusik-im-bibliothekssaal.de\/index.php?rest_route=%2Fwp%2Fv2%2Fcategories&post=2652"},{"taxonomy":"post_tag","embeddable":true,"href":"https:\/\/kammermusik-im-bibliothekssaal.de\/index.php?rest_route=%2Fwp%2Fv2%2Ftags&post=2652"}],"curies":[{"name":"wp","href":"https:\/\/api.w.org\/{rel}","templated":true}]}}