{"id":2642,"date":"2024-02-06T11:53:41","date_gmt":"2024-02-06T10:53:41","guid":{"rendered":"http:\/\/kammermusik-im-bibliothekssaal.de\/?p=2642"},"modified":"2024-02-06T11:53:43","modified_gmt":"2024-02-06T10:53:43","slug":"konzert-am-9-februar-ausverkauft","status":"publish","type":"post","link":"https:\/\/kammermusik-im-bibliothekssaal.de\/?p=2642","title":{"rendered":"Konzert am 9. Februar ausverkauft!"},"content":{"rendered":"<div class=\"wp-block-image\">\n<figure class=\"alignright size-full is-resized\"><img loading=\"lazy\" decoding=\"async\" width=\"1000\" height=\"972\" src=\"https:\/\/kammermusik-im-bibliothekssaal.de\/wp-content\/uploads\/2023\/12\/Dandelion_Quintett_Lambrecht_3.jpg\" alt=\"\" class=\"wp-image-2619\" style=\"width:354px;height:auto\" srcset=\"https:\/\/kammermusik-im-bibliothekssaal.de\/wp-content\/uploads\/2023\/12\/Dandelion_Quintett_Lambrecht_3.jpg 1000w, https:\/\/kammermusik-im-bibliothekssaal.de\/wp-content\/uploads\/2023\/12\/Dandelion_Quintett_Lambrecht_3-300x292.jpg 300w, https:\/\/kammermusik-im-bibliothekssaal.de\/wp-content\/uploads\/2023\/12\/Dandelion_Quintett_Lambrecht_3-150x146.jpg 150w\" sizes=\"(max-width: 1000px) 100vw, 1000px\" \/><\/figure><\/div>\n\n\n<p>Das Konzert des Dandelion Quintetts am 9. Februar um 20 Uhr ist bereits ausverkauft. <br>Restkarten gibt es eventuell an der Abendkasse ab 19.15 Uhr.<\/p>\n\n\n\n<p>Der Vorverkauf f\u00fcr das n\u00e4chste Konzert am 2. M\u00e4rz um 18 Uhr hat bereits begonnen.<\/p>\n","protected":false},"excerpt":{"rendered":"<p>Das Konzert des Dandelion Quintetts am 9. Februar um 20 Uhr ist bereits ausverkauft. Restkarten gibt es eventuell an der Abendkasse ab 19.15 Uhr. Der Vorverkauf f\u00fcr das n\u00e4chste Konzert am 2. M\u00e4rz um 18 Uhr hat bereits begonnen.<\/p>\n","protected":false},"author":1,"featured_media":2626,"comment_status":"closed","ping_status":"closed","sticky":false,"template":"","format":"standard","meta":{"footnotes":""},"categories":[1],"tags":[],"class_list":["post-2642","post","type-post","status-publish","format-standard","has-post-thumbnail","hentry","category-naechstes_konzert"],"_links":{"self":[{"href":"https:\/\/kammermusik-im-bibliothekssaal.de\/index.php?rest_route=\/wp\/v2\/posts\/2642"}],"collection":[{"href":"https:\/\/kammermusik-im-bibliothekssaal.de\/index.php?rest_route=\/wp\/v2\/posts"}],"about":[{"href":"https:\/\/kammermusik-im-bibliothekssaal.de\/index.php?rest_route=\/wp\/v2\/types\/post"}],"author":[{"embeddable":true,"href":"https:\/\/kammermusik-im-bibliothekssaal.de\/index.php?rest_route=\/wp\/v2\/users\/1"}],"replies":[{"embeddable":true,"href":"https:\/\/kammermusik-im-bibliothekssaal.de\/index.php?rest_route=%2Fwp%2Fv2%2Fcomments&post=2642"}],"version-history":[{"count":1,"href":"https:\/\/kammermusik-im-bibliothekssaal.de\/index.php?rest_route=\/wp\/v2\/posts\/2642\/revisions"}],"predecessor-version":[{"id":2643,"href":"https:\/\/kammermusik-im-bibliothekssaal.de\/index.php?rest_route=\/wp\/v2\/posts\/2642\/revisions\/2643"}],"wp:featuredmedia":[{"embeddable":true,"href":"https:\/\/kammermusik-im-bibliothekssaal.de\/index.php?rest_route=\/wp\/v2\/media\/2626"}],"wp:attachment":[{"href":"https:\/\/kammermusik-im-bibliothekssaal.de\/index.php?rest_route=%2Fwp%2Fv2%2Fmedia&parent=2642"}],"wp:term":[{"taxonomy":"category","embeddable":true,"href":"https:\/\/kammermusik-im-bibliothekssaal.de\/index.php?rest_route=%2Fwp%2Fv2%2Fcategories&post=2642"},{"taxonomy":"post_tag","embeddable":true,"href":"https:\/\/kammermusik-im-bibliothekssaal.de\/index.php?rest_route=%2Fwp%2Fv2%2Ftags&post=2642"}],"curies":[{"name":"wp","href":"https:\/\/api.w.org\/{rel}","templated":true}]}}