{"id":2621,"date":"2023-12-28T23:35:54","date_gmt":"2023-12-28T22:35:54","guid":{"rendered":"http:\/\/kammermusik-im-bibliothekssaal.de\/?p=2621"},"modified":"2023-12-30T23:39:30","modified_gmt":"2023-12-30T22:39:30","slug":"naechste-konzerte-im-februar-und-maerz-2024","status":"publish","type":"post","link":"https:\/\/kammermusik-im-bibliothekssaal.de\/?p=2621","title":{"rendered":"N\u00e4chste Konzerte im Februar und M\u00e4rz 2024"},"content":{"rendered":"<div class=\"wp-block-image\">\n<figure class=\"alignright size-full is-resized\"><img loading=\"lazy\" decoding=\"async\" width=\"1000\" height=\"972\" src=\"https:\/\/kammermusik-im-bibliothekssaal.de\/wp-content\/uploads\/2023\/12\/Dandelion_Quintett_Lambrecht_3.jpg\" alt=\"\" class=\"wp-image-2619\" style=\"width:309px;height:auto\" srcset=\"https:\/\/kammermusik-im-bibliothekssaal.de\/wp-content\/uploads\/2023\/12\/Dandelion_Quintett_Lambrecht_3.jpg 1000w, https:\/\/kammermusik-im-bibliothekssaal.de\/wp-content\/uploads\/2023\/12\/Dandelion_Quintett_Lambrecht_3-300x292.jpg 300w, https:\/\/kammermusik-im-bibliothekssaal.de\/wp-content\/uploads\/2023\/12\/Dandelion_Quintett_Lambrecht_3-150x146.jpg 150w\" sizes=\"(max-width: 1000px) 100vw, 1000px\" \/><\/figure><\/div>\n\n\n<p>Am Freitag den 9. Februar (um 20 Uhr!) und am Samstag den 2. M\u00e4rz (um 18 Uhr) finden die beiden n\u00e4chsten Konzerte in der alten Bibliothek statt.<br>Am 9. Februar spielt das Dandelion Quintett ein interessantes Programm mit Werken von Zemlinsky, Francaix, Ligeti, Barber und einem neuen Werk von Henrik Ajax, das eigens f\u00fcr die f\u00fcnf Musiker\/innen des Dandelion Quintetts komponiert wurde.<br>Das Programm f\u00fcr 2. M\u00e4rz ist noch nicht endg\u00fcltig festgelegt und wird demn\u00e4chst hier ver\u00f6ffentlicht.<\/p>\n\n\n\n<p>Der Vorverkauf f\u00fcr die Konzerte startet jeweils 4 Wochen vor dem Konzert \u00fcber die bekannten M\u00f6glichkeiten per Email oder beim Landsberger Ticket-Service Vivell.<\/p>\n","protected":false},"excerpt":{"rendered":"<p>Am Freitag den 9. Februar (um 20 Uhr!) und am Samstag den 2. M\u00e4rz (um 18 Uhr) finden die beiden n\u00e4chsten Konzerte in der alten Bibliothek statt.Am 9. Februar spielt das Dandelion Quintett ein interessantes Programm mit Werken von Zemlinsky,<\/p>\n","protected":false},"author":1,"featured_media":2624,"comment_status":"closed","ping_status":"closed","sticky":false,"template":"","format":"standard","meta":{"footnotes":""},"categories":[1],"tags":[],"class_list":["post-2621","post","type-post","status-publish","format-standard","has-post-thumbnail","hentry","category-naechstes_konzert"],"_links":{"self":[{"href":"https:\/\/kammermusik-im-bibliothekssaal.de\/index.php?rest_route=\/wp\/v2\/posts\/2621"}],"collection":[{"href":"https:\/\/kammermusik-im-bibliothekssaal.de\/index.php?rest_route=\/wp\/v2\/posts"}],"about":[{"href":"https:\/\/kammermusik-im-bibliothekssaal.de\/index.php?rest_route=\/wp\/v2\/types\/post"}],"author":[{"embeddable":true,"href":"https:\/\/kammermusik-im-bibliothekssaal.de\/index.php?rest_route=\/wp\/v2\/users\/1"}],"replies":[{"embeddable":true,"href":"https:\/\/kammermusik-im-bibliothekssaal.de\/index.php?rest_route=%2Fwp%2Fv2%2Fcomments&post=2621"}],"version-history":[{"count":1,"href":"https:\/\/kammermusik-im-bibliothekssaal.de\/index.php?rest_route=\/wp\/v2\/posts\/2621\/revisions"}],"predecessor-version":[{"id":2622,"href":"https:\/\/kammermusik-im-bibliothekssaal.de\/index.php?rest_route=\/wp\/v2\/posts\/2621\/revisions\/2622"}],"wp:featuredmedia":[{"embeddable":true,"href":"https:\/\/kammermusik-im-bibliothekssaal.de\/index.php?rest_route=\/wp\/v2\/media\/2624"}],"wp:attachment":[{"href":"https:\/\/kammermusik-im-bibliothekssaal.de\/index.php?rest_route=%2Fwp%2Fv2%2Fmedia&parent=2621"}],"wp:term":[{"taxonomy":"category","embeddable":true,"href":"https:\/\/kammermusik-im-bibliothekssaal.de\/index.php?rest_route=%2Fwp%2Fv2%2Fcategories&post=2621"},{"taxonomy":"post_tag","embeddable":true,"href":"https:\/\/kammermusik-im-bibliothekssaal.de\/index.php?rest_route=%2Fwp%2Fv2%2Ftags&post=2621"}],"curies":[{"name":"wp","href":"https:\/\/api.w.org\/{rel}","templated":true}]}}