{"id":2608,"date":"2023-10-25T23:57:42","date_gmt":"2023-10-25T21:57:42","guid":{"rendered":"http:\/\/kammermusik-im-bibliothekssaal.de\/?p=2608"},"modified":"2023-10-25T23:57:44","modified_gmt":"2023-10-25T21:57:44","slug":"naechste-konzerte-ab-januar-2024","status":"publish","type":"post","link":"https:\/\/kammermusik-im-bibliothekssaal.de\/?p=2608","title":{"rendered":"N\u00e4chste Konzerte ab Januar 2024"},"content":{"rendered":"\n<p>Leider waren in den Herbst-Monaten keine geeigneten Termine f\u00fcr Konzerte in der alten Bibliothek m\u00f6glich.<br>Ab Januar finden voraussichtlich wieder Konzerte statt. In Planung sind je ein Konzert im Januar, Februar und M\u00e4rz.<br>N\u00e4here Informationen demn\u00e4chst hier auf der Homepage.<\/p>\n","protected":false},"excerpt":{"rendered":"<p>Leider waren in den Herbst-Monaten keine geeigneten Termine f\u00fcr Konzerte in der alten Bibliothek m\u00f6glich.Ab Januar finden voraussichtlich wieder Konzerte statt. In Planung sind je ein Konzert im Januar, Februar und M\u00e4rz.N\u00e4here Informationen demn\u00e4chst hier auf der Homepage.<\/p>\n","protected":false},"author":1,"featured_media":2505,"comment_status":"closed","ping_status":"closed","sticky":false,"template":"","format":"standard","meta":{"footnotes":""},"categories":[9],"tags":[],"class_list":["post-2608","post","type-post","status-publish","format-standard","has-post-thumbnail","hentry","category-allgemein"],"_links":{"self":[{"href":"https:\/\/kammermusik-im-bibliothekssaal.de\/index.php?rest_route=\/wp\/v2\/posts\/2608"}],"collection":[{"href":"https:\/\/kammermusik-im-bibliothekssaal.de\/index.php?rest_route=\/wp\/v2\/posts"}],"about":[{"href":"https:\/\/kammermusik-im-bibliothekssaal.de\/index.php?rest_route=\/wp\/v2\/types\/post"}],"author":[{"embeddable":true,"href":"https:\/\/kammermusik-im-bibliothekssaal.de\/index.php?rest_route=\/wp\/v2\/users\/1"}],"replies":[{"embeddable":true,"href":"https:\/\/kammermusik-im-bibliothekssaal.de\/index.php?rest_route=%2Fwp%2Fv2%2Fcomments&post=2608"}],"version-history":[{"count":1,"href":"https:\/\/kammermusik-im-bibliothekssaal.de\/index.php?rest_route=\/wp\/v2\/posts\/2608\/revisions"}],"predecessor-version":[{"id":2609,"href":"https:\/\/kammermusik-im-bibliothekssaal.de\/index.php?rest_route=\/wp\/v2\/posts\/2608\/revisions\/2609"}],"wp:featuredmedia":[{"embeddable":true,"href":"https:\/\/kammermusik-im-bibliothekssaal.de\/index.php?rest_route=\/wp\/v2\/media\/2505"}],"wp:attachment":[{"href":"https:\/\/kammermusik-im-bibliothekssaal.de\/index.php?rest_route=%2Fwp%2Fv2%2Fmedia&parent=2608"}],"wp:term":[{"taxonomy":"category","embeddable":true,"href":"https:\/\/kammermusik-im-bibliothekssaal.de\/index.php?rest_route=%2Fwp%2Fv2%2Fcategories&post=2608"},{"taxonomy":"post_tag","embeddable":true,"href":"https:\/\/kammermusik-im-bibliothekssaal.de\/index.php?rest_route=%2Fwp%2Fv2%2Ftags&post=2608"}],"curies":[{"name":"wp","href":"https:\/\/api.w.org\/{rel}","templated":true}]}}