{"id":2599,"date":"2023-04-29T15:28:55","date_gmt":"2023-04-29T13:28:55","guid":{"rendered":"http:\/\/kammermusik-im-bibliothekssaal.de\/?p=2599"},"modified":"2023-04-29T15:28:57","modified_gmt":"2023-04-29T13:28:57","slug":"konzert-iii-morgen-30-april-noch-karten-an-der-abendkasse","status":"publish","type":"post","link":"https:\/\/kammermusik-im-bibliothekssaal.de\/?p=2599","title":{"rendered":"Konzert III, morgen 30. April: noch Karten an der Abendkasse!"},"content":{"rendered":"<div class=\"wp-block-image\">\n<figure class=\"alignright size-large is-resized\"><img loading=\"lazy\" decoding=\"async\" src=\"https:\/\/kammermusik-im-bibliothekssaal.de\/wp-content\/uploads\/2022\/11\/Alexandra_Steiner-684x1024.jpg\" alt=\"\" class=\"wp-image-2555\" width=\"211\" height=\"316\" srcset=\"https:\/\/kammermusik-im-bibliothekssaal.de\/wp-content\/uploads\/2022\/11\/Alexandra_Steiner-684x1024.jpg 684w, https:\/\/kammermusik-im-bibliothekssaal.de\/wp-content\/uploads\/2022\/11\/Alexandra_Steiner-200x300.jpg 200w, https:\/\/kammermusik-im-bibliothekssaal.de\/wp-content\/uploads\/2022\/11\/Alexandra_Steiner-100x150.jpg 100w, https:\/\/kammermusik-im-bibliothekssaal.de\/wp-content\/uploads\/2022\/11\/Alexandra_Steiner.jpg 1000w\" sizes=\"(max-width: 211px) 100vw, 211px\" \/><\/figure><\/div>\n\n\n<p>Beim morgigen Konzert sind f\u00fcr Kurzentschlossene noch einige Karten an der Abendkasse erh\u00e4ltlich.<br>Alexandra Steiner singt Lieder von Mahler und Strauss in Bearbeitungen f\u00fcr Sopran und Streichquartett. Dar\u00fcber hinaus h\u00f6ren Sie Werke von Mendelssohn Bartholdy und Brahms.<\/p>\n\n\n\n<p>Die Abendkasse \u00f6ffnet um 17:15 Uhr.<\/p>\n\n\n\n<p>Die n\u00e4chsten Konzerte in der alten Bibliothek finden voraussichtlich erst nach dem Sommer im Oktober und November 2023 statt.<\/p>\n","protected":false},"excerpt":{"rendered":"<p>Beim morgigen Konzert sind f\u00fcr Kurzentschlossene noch einige Karten an der Abendkasse erh\u00e4ltlich.Alexandra Steiner singt Lieder von Mahler und Strauss in Bearbeitungen f\u00fcr Sopran und Streichquartett. Dar\u00fcber hinaus h\u00f6ren Sie Werke von Mendelssohn Bartholdy und Brahms. Die Abendkasse \u00f6ffnet um<\/p>\n","protected":false},"author":1,"featured_media":2587,"comment_status":"closed","ping_status":"closed","sticky":false,"template":"","format":"standard","meta":{"footnotes":""},"categories":[1],"tags":[],"class_list":["post-2599","post","type-post","status-publish","format-standard","has-post-thumbnail","hentry","category-naechstes_konzert"],"_links":{"self":[{"href":"https:\/\/kammermusik-im-bibliothekssaal.de\/index.php?rest_route=\/wp\/v2\/posts\/2599"}],"collection":[{"href":"https:\/\/kammermusik-im-bibliothekssaal.de\/index.php?rest_route=\/wp\/v2\/posts"}],"about":[{"href":"https:\/\/kammermusik-im-bibliothekssaal.de\/index.php?rest_route=\/wp\/v2\/types\/post"}],"author":[{"embeddable":true,"href":"https:\/\/kammermusik-im-bibliothekssaal.de\/index.php?rest_route=\/wp\/v2\/users\/1"}],"replies":[{"embeddable":true,"href":"https:\/\/kammermusik-im-bibliothekssaal.de\/index.php?rest_route=%2Fwp%2Fv2%2Fcomments&post=2599"}],"version-history":[{"count":1,"href":"https:\/\/kammermusik-im-bibliothekssaal.de\/index.php?rest_route=\/wp\/v2\/posts\/2599\/revisions"}],"predecessor-version":[{"id":2600,"href":"https:\/\/kammermusik-im-bibliothekssaal.de\/index.php?rest_route=\/wp\/v2\/posts\/2599\/revisions\/2600"}],"wp:featuredmedia":[{"embeddable":true,"href":"https:\/\/kammermusik-im-bibliothekssaal.de\/index.php?rest_route=\/wp\/v2\/media\/2587"}],"wp:attachment":[{"href":"https:\/\/kammermusik-im-bibliothekssaal.de\/index.php?rest_route=%2Fwp%2Fv2%2Fmedia&parent=2599"}],"wp:term":[{"taxonomy":"category","embeddable":true,"href":"https:\/\/kammermusik-im-bibliothekssaal.de\/index.php?rest_route=%2Fwp%2Fv2%2Fcategories&post=2599"},{"taxonomy":"post_tag","embeddable":true,"href":"https:\/\/kammermusik-im-bibliothekssaal.de\/index.php?rest_route=%2Fwp%2Fv2%2Ftags&post=2599"}],"curies":[{"name":"wp","href":"https:\/\/api.w.org\/{rel}","templated":true}]}}