{"id":2592,"date":"2023-02-27T23:03:37","date_gmt":"2023-02-27T22:03:37","guid":{"rendered":"http:\/\/kammermusik-im-bibliothekssaal.de\/?p=2592"},"modified":"2023-02-27T23:03:39","modified_gmt":"2023-02-27T22:03:39","slug":"konzert-ii-am-26-maerz-vorverkauf-hat-begonnen","status":"publish","type":"post","link":"https:\/\/kammermusik-im-bibliothekssaal.de\/?p=2592","title":{"rendered":"Konzert II am 26. M\u00e4rz: Vorverkauf hat begonnen"},"content":{"rendered":"<div class=\"wp-block-image\">\n<figure class=\"alignright size-large is-resized\"><img loading=\"lazy\" decoding=\"async\" src=\"https:\/\/kammermusik-im-bibliothekssaal.de\/wp-content\/uploads\/2022\/11\/Minguet_Q-1024x683.jpg\" alt=\"\" class=\"wp-image-2554\" width=\"404\" height=\"269\" srcset=\"https:\/\/kammermusik-im-bibliothekssaal.de\/wp-content\/uploads\/2022\/11\/Minguet_Q-1024x683.jpg 1024w, https:\/\/kammermusik-im-bibliothekssaal.de\/wp-content\/uploads\/2022\/11\/Minguet_Q-300x200.jpg 300w, https:\/\/kammermusik-im-bibliothekssaal.de\/wp-content\/uploads\/2022\/11\/Minguet_Q-150x100.jpg 150w, https:\/\/kammermusik-im-bibliothekssaal.de\/wp-content\/uploads\/2022\/11\/Minguet_Q-1536x1024.jpg 1536w, https:\/\/kammermusik-im-bibliothekssaal.de\/wp-content\/uploads\/2022\/11\/Minguet_Q-2048x1365.jpg 2048w\" sizes=\"(max-width: 404px) 100vw, 404px\" \/><figcaption class=\"wp-element-caption\">Minguet Quartett<\/figcaption><\/figure><\/div>\n\n\n<p>Der Vorverkauf zum n\u00e4chsten Konzert der Kammermusik im Biblothekssaal am Sonntag den 26. M\u00e4rz um 18 Uhr hat heute begonnen.<\/p>\n\n\n\n<p>Das in Landsberg inzwischen bestens bekannte Minguet Quartett aus K\u00f6ln spielt Werke von Haydn, Ligeti und Schubert (Quartett d-moll &#8222;Der Tod und das M\u00e4dchen&#8220;).<\/p>\n\n\n\n<p>Karten zu 20\u20ac (erm\u00e4\u00dfigt f\u00fcr Sch\u00fcler und Studenten bis 26 Jahre 10\u20ac) gibt es im Vorverkauf beim Landsberger Ticket Service Vivell am Landsberger Hauptplatz oder als Reservierung f\u00fcr die Abendkasse per Email an: <a href=\"mailto:karten@kammermusik-landsberg.de\" target=\"_blank\" rel=\"noreferrer noopener\">karten@kammermusik-landsberg.de<\/a><\/p>\n","protected":false},"excerpt":{"rendered":"<p>Der Vorverkauf zum n\u00e4chsten Konzert der Kammermusik im Biblothekssaal am Sonntag den 26. M\u00e4rz um 18 Uhr hat heute begonnen. Das in Landsberg inzwischen bestens bekannte Minguet Quartett aus K\u00f6ln spielt Werke von Haydn, Ligeti und Schubert (Quartett d-moll &#8222;Der<\/p>\n","protected":false},"author":1,"featured_media":2585,"comment_status":"closed","ping_status":"closed","sticky":false,"template":"","format":"standard","meta":{"footnotes":""},"categories":[1],"tags":[],"class_list":["post-2592","post","type-post","status-publish","format-standard","has-post-thumbnail","hentry","category-naechstes_konzert"],"_links":{"self":[{"href":"https:\/\/kammermusik-im-bibliothekssaal.de\/index.php?rest_route=\/wp\/v2\/posts\/2592"}],"collection":[{"href":"https:\/\/kammermusik-im-bibliothekssaal.de\/index.php?rest_route=\/wp\/v2\/posts"}],"about":[{"href":"https:\/\/kammermusik-im-bibliothekssaal.de\/index.php?rest_route=\/wp\/v2\/types\/post"}],"author":[{"embeddable":true,"href":"https:\/\/kammermusik-im-bibliothekssaal.de\/index.php?rest_route=\/wp\/v2\/users\/1"}],"replies":[{"embeddable":true,"href":"https:\/\/kammermusik-im-bibliothekssaal.de\/index.php?rest_route=%2Fwp%2Fv2%2Fcomments&post=2592"}],"version-history":[{"count":1,"href":"https:\/\/kammermusik-im-bibliothekssaal.de\/index.php?rest_route=\/wp\/v2\/posts\/2592\/revisions"}],"predecessor-version":[{"id":2593,"href":"https:\/\/kammermusik-im-bibliothekssaal.de\/index.php?rest_route=\/wp\/v2\/posts\/2592\/revisions\/2593"}],"wp:featuredmedia":[{"embeddable":true,"href":"https:\/\/kammermusik-im-bibliothekssaal.de\/index.php?rest_route=\/wp\/v2\/media\/2585"}],"wp:attachment":[{"href":"https:\/\/kammermusik-im-bibliothekssaal.de\/index.php?rest_route=%2Fwp%2Fv2%2Fmedia&parent=2592"}],"wp:term":[{"taxonomy":"category","embeddable":true,"href":"https:\/\/kammermusik-im-bibliothekssaal.de\/index.php?rest_route=%2Fwp%2Fv2%2Fcategories&post=2592"},{"taxonomy":"post_tag","embeddable":true,"href":"https:\/\/kammermusik-im-bibliothekssaal.de\/index.php?rest_route=%2Fwp%2Fv2%2Ftags&post=2592"}],"curies":[{"name":"wp","href":"https:\/\/api.w.org\/{rel}","templated":true}]}}