{"id":2581,"date":"2023-01-21T13:56:39","date_gmt":"2023-01-21T12:56:39","guid":{"rendered":"http:\/\/kammermusik-im-bibliothekssaal.de\/?p=2581"},"modified":"2023-01-21T13:56:40","modified_gmt":"2023-01-21T12:56:40","slug":"konzert-am-5-februar-ausverkauft","status":"publish","type":"post","link":"https:\/\/kammermusik-im-bibliothekssaal.de\/?p=2581","title":{"rendered":"Konzert am 5. Februar: AUSVERKAUFT"},"content":{"rendered":"<div class=\"wp-block-image\">\n<figure class=\"alignright size-large is-resized\"><img loading=\"lazy\" decoding=\"async\" src=\"https:\/\/kammermusik-im-bibliothekssaal.de\/wp-content\/uploads\/2022\/11\/LMQ-1024x718.jpg\" alt=\"\" class=\"wp-image-2556\" width=\"445\" height=\"312\" srcset=\"https:\/\/kammermusik-im-bibliothekssaal.de\/wp-content\/uploads\/2022\/11\/LMQ-1024x718.jpg 1024w, https:\/\/kammermusik-im-bibliothekssaal.de\/wp-content\/uploads\/2022\/11\/LMQ-300x210.jpg 300w, https:\/\/kammermusik-im-bibliothekssaal.de\/wp-content\/uploads\/2022\/11\/LMQ-150x105.jpg 150w, https:\/\/kammermusik-im-bibliothekssaal.de\/wp-content\/uploads\/2022\/11\/LMQ-1536x1077.jpg 1536w, https:\/\/kammermusik-im-bibliothekssaal.de\/wp-content\/uploads\/2022\/11\/LMQ-2048x1436.jpg 2048w\" sizes=\"(max-width: 445px) 100vw, 445px\" \/><\/figure><\/div>\n\n\n<p>Das Konzert des Leopold Mozart Quartetts mit Werken von Winbeck und Beethoven ist bereits ausverkauft.<br>Restkarten sind eventuell an der Abendkasse ab 17:15 Uhr verf\u00fcgbar. Reservierungen sind leider nicht mehr m\u00f6glich.<\/p>\n\n\n\n<p>Das n\u00e4chste Konzert findet am Sonntag den 26. M\u00e4rz um 18 Uhr statt: das Minguet Quartett spielt Werke von Haydn, Ligeti und Schubert.<br>Der Vorverkauf f\u00fcr dieses Konzert beginnt am 27. Februar.<\/p>\n","protected":false},"excerpt":{"rendered":"<p>Das Konzert des Leopold Mozart Quartetts mit Werken von Winbeck und Beethoven ist bereits ausverkauft.Restkarten sind eventuell an der Abendkasse ab 17:15 Uhr verf\u00fcgbar. Reservierungen sind leider nicht mehr m\u00f6glich. Das n\u00e4chste Konzert findet am Sonntag den 26. M\u00e4rz um<\/p>\n","protected":false},"author":1,"featured_media":2575,"comment_status":"closed","ping_status":"closed","sticky":false,"template":"","format":"standard","meta":{"footnotes":""},"categories":[1],"tags":[],"class_list":["post-2581","post","type-post","status-publish","format-standard","has-post-thumbnail","hentry","category-naechstes_konzert"],"_links":{"self":[{"href":"https:\/\/kammermusik-im-bibliothekssaal.de\/index.php?rest_route=\/wp\/v2\/posts\/2581"}],"collection":[{"href":"https:\/\/kammermusik-im-bibliothekssaal.de\/index.php?rest_route=\/wp\/v2\/posts"}],"about":[{"href":"https:\/\/kammermusik-im-bibliothekssaal.de\/index.php?rest_route=\/wp\/v2\/types\/post"}],"author":[{"embeddable":true,"href":"https:\/\/kammermusik-im-bibliothekssaal.de\/index.php?rest_route=\/wp\/v2\/users\/1"}],"replies":[{"embeddable":true,"href":"https:\/\/kammermusik-im-bibliothekssaal.de\/index.php?rest_route=%2Fwp%2Fv2%2Fcomments&post=2581"}],"version-history":[{"count":1,"href":"https:\/\/kammermusik-im-bibliothekssaal.de\/index.php?rest_route=\/wp\/v2\/posts\/2581\/revisions"}],"predecessor-version":[{"id":2582,"href":"https:\/\/kammermusik-im-bibliothekssaal.de\/index.php?rest_route=\/wp\/v2\/posts\/2581\/revisions\/2582"}],"wp:featuredmedia":[{"embeddable":true,"href":"https:\/\/kammermusik-im-bibliothekssaal.de\/index.php?rest_route=\/wp\/v2\/media\/2575"}],"wp:attachment":[{"href":"https:\/\/kammermusik-im-bibliothekssaal.de\/index.php?rest_route=%2Fwp%2Fv2%2Fmedia&parent=2581"}],"wp:term":[{"taxonomy":"category","embeddable":true,"href":"https:\/\/kammermusik-im-bibliothekssaal.de\/index.php?rest_route=%2Fwp%2Fv2%2Fcategories&post=2581"},{"taxonomy":"post_tag","embeddable":true,"href":"https:\/\/kammermusik-im-bibliothekssaal.de\/index.php?rest_route=%2Fwp%2Fv2%2Ftags&post=2581"}],"curies":[{"name":"wp","href":"https:\/\/api.w.org\/{rel}","templated":true}]}}