{"id":2475,"date":"2022-05-23T01:20:03","date_gmt":"2022-05-22T23:20:03","guid":{"rendered":"http:\/\/kammermusik-im-bibliothekssaal.de\/?p=2475"},"modified":"2022-05-23T01:20:34","modified_gmt":"2022-05-22T23:20:34","slug":"2022-keine-sommer-soireen","status":"publish","type":"post","link":"https:\/\/kammermusik-im-bibliothekssaal.de\/?p=2475","title":{"rendered":"2022 keine Sommer-Soir\u00e9en"},"content":{"rendered":"\n<div class=\"wp-block-image\"><figure class=\"alignright size-large is-resized\"><img decoding=\"async\" src=\"https:\/\/kammermusik-im-bibliothekssaal.de\/wp-content\/uploads\/2022\/05\/IMG_3228-edited-1.jpg\" alt=\"\" class=\"wp-image-2477\" width=\"376\" srcset=\"https:\/\/kammermusik-im-bibliothekssaal.de\/wp-content\/uploads\/2022\/05\/IMG_3228-edited-1.jpg 893w, https:\/\/kammermusik-im-bibliothekssaal.de\/wp-content\/uploads\/2022\/05\/IMG_3228-edited-1-300x300.jpg 300w, https:\/\/kammermusik-im-bibliothekssaal.de\/wp-content\/uploads\/2022\/05\/IMG_3228-edited-1-150x150.jpg 150w, https:\/\/kammermusik-im-bibliothekssaal.de\/wp-content\/uploads\/2022\/05\/IMG_3228-edited-1-270x270.jpg 270w, https:\/\/kammermusik-im-bibliothekssaal.de\/wp-content\/uploads\/2022\/05\/IMG_3228-edited-1-230x230.jpg 230w\" sizes=\"(max-width: 893px) 100vw, 893px\" \/><\/figure><\/div>\n\n\n\n<p>In diesem Jahr werden keine Open-Air Konzerte &#8222;Sommer-Soir\u00e9en&#8220; im S\u00e4ulenhof stattfinden.<br>Ich w\u00fcnche Ihnen einen sch\u00f6nen erholsamen Sommer und hoffe auf ein Wiedersehen im Herbst und Winter!<\/p>\n\n\n\n<p>Das Programm und die Termine der Konzerte 2022\/23 erfahren Sie Ende des Sommers hier auf der Homepage.<\/p>\n","protected":false},"excerpt":{"rendered":"<p>In diesem Jahr werden keine Open-Air Konzerte &#8222;Sommer-Soir\u00e9en&#8220; im S\u00e4ulenhof stattfinden.Ich w\u00fcnche Ihnen einen sch\u00f6nen erholsamen Sommer und hoffe auf ein Wiedersehen im Herbst und Winter! Das Programm und die Termine der Konzerte 2022\/23 erfahren Sie Ende des Sommers hier<\/p>\n","protected":false},"author":1,"featured_media":2086,"comment_status":"closed","ping_status":"closed","sticky":false,"template":"","format":"standard","meta":{"footnotes":""},"categories":[9],"tags":[],"class_list":["post-2475","post","type-post","status-publish","format-standard","has-post-thumbnail","hentry","category-allgemein"],"_links":{"self":[{"href":"https:\/\/kammermusik-im-bibliothekssaal.de\/index.php?rest_route=\/wp\/v2\/posts\/2475"}],"collection":[{"href":"https:\/\/kammermusik-im-bibliothekssaal.de\/index.php?rest_route=\/wp\/v2\/posts"}],"about":[{"href":"https:\/\/kammermusik-im-bibliothekssaal.de\/index.php?rest_route=\/wp\/v2\/types\/post"}],"author":[{"embeddable":true,"href":"https:\/\/kammermusik-im-bibliothekssaal.de\/index.php?rest_route=\/wp\/v2\/users\/1"}],"replies":[{"embeddable":true,"href":"https:\/\/kammermusik-im-bibliothekssaal.de\/index.php?rest_route=%2Fwp%2Fv2%2Fcomments&post=2475"}],"version-history":[{"count":1,"href":"https:\/\/kammermusik-im-bibliothekssaal.de\/index.php?rest_route=\/wp\/v2\/posts\/2475\/revisions"}],"predecessor-version":[{"id":2478,"href":"https:\/\/kammermusik-im-bibliothekssaal.de\/index.php?rest_route=\/wp\/v2\/posts\/2475\/revisions\/2478"}],"wp:featuredmedia":[{"embeddable":true,"href":"https:\/\/kammermusik-im-bibliothekssaal.de\/index.php?rest_route=\/wp\/v2\/media\/2086"}],"wp:attachment":[{"href":"https:\/\/kammermusik-im-bibliothekssaal.de\/index.php?rest_route=%2Fwp%2Fv2%2Fmedia&parent=2475"}],"wp:term":[{"taxonomy":"category","embeddable":true,"href":"https:\/\/kammermusik-im-bibliothekssaal.de\/index.php?rest_route=%2Fwp%2Fv2%2Fcategories&post=2475"},{"taxonomy":"post_tag","embeddable":true,"href":"https:\/\/kammermusik-im-bibliothekssaal.de\/index.php?rest_route=%2Fwp%2Fv2%2Ftags&post=2475"}],"curies":[{"name":"wp","href":"https:\/\/api.w.org\/{rel}","templated":true}]}}