{"id":2180,"date":"2021-05-29T23:25:58","date_gmt":"2021-05-29T21:25:58","guid":{"rendered":"http:\/\/kammermusik-im-bibliothekssaal.de\/?p=2180"},"modified":"2021-05-29T23:33:09","modified_gmt":"2021-05-29T21:33:09","slug":"sommer-soiree-2-18-juli-2021-american-dreams-mit-dem-arcis-saxophon-quartett","status":"publish","type":"post","link":"https:\/\/kammermusik-im-bibliothekssaal.de\/?p=2180","title":{"rendered":"Sommer-Soir\u00e9e Zwei, Sonntag 18. Juli 2021: American Dreams mit dem Arcis Saxophon Quartett"},"content":{"rendered":"\n<div class=\"wp-block-image\"><figure class=\"alignright size-large\"><img loading=\"lazy\" decoding=\"async\" width=\"500\" height=\"283\" src=\"https:\/\/kammermusik-im-bibliothekssaal.de\/wp-content\/uploads\/2021\/05\/ASQ_web-e1622323897371.jpg\" alt=\"\" class=\"wp-image-2179\" srcset=\"https:\/\/kammermusik-im-bibliothekssaal.de\/wp-content\/uploads\/2021\/05\/ASQ_web-e1622323897371.jpg 500w, https:\/\/kammermusik-im-bibliothekssaal.de\/wp-content\/uploads\/2021\/05\/ASQ_web-e1622323897371-300x170.jpg 300w, https:\/\/kammermusik-im-bibliothekssaal.de\/wp-content\/uploads\/2021\/05\/ASQ_web-e1622323897371-150x85.jpg 150w\" sizes=\"(max-width: 500px) 100vw, 500px\" \/><\/figure><\/div>\n\n\n\n<p>Die zweite Sommer-Soir\u00e9e im S\u00e4ulenhof findet am Sonntag den 18. Juli um 20 Uhr statt!<\/p>\n\n\n\n<p>Das renommierte und preisgekr\u00f6nte <a rel=\"noreferrer noopener\" href=\"http:\/\/www.arcissaxophonquartett.de\/\" data-type=\"URL\" data-id=\"http:\/\/www.arcissaxophonquartett.de\/\" target=\"_blank\">Arcis Saxophon Quartett<\/a> spielt &#8222;American Dreams&#8220; und beweist, dass zum kultivierten Quartettspiel nicht zwingend vier Streichinstrumente gebraucht werden.<br>Sie h\u00f6ren Werke von Antonin Dvor\u00e1k, Leonard Bernstein und George Gershwin in eigenen Bearbeitungen des Arcis Saxophon Quartetts.<br><br>Der Eintritt zum Konzert ist aus pandemischen Gr\u00fcnden wie immer frei, um Spenden wird dringend gebeten. Die vier freiberuflichen Musiker\/innen des Arcis Saxophon Quartetts haben jede Unterst\u00fctzung verdient!<\/p>\n","protected":false},"excerpt":{"rendered":"<p>Die zweite Sommer-Soir\u00e9e im S\u00e4ulenhof findet am Sonntag den 18. Juli um 20 Uhr statt! Das renommierte und preisgekr\u00f6nte Arcis Saxophon Quartett spielt &#8222;American Dreams&#8220; und beweist, dass zum kultivierten Quartettspiel nicht zwingend vier Streichinstrumente gebraucht werden.Sie h\u00f6ren Werke von<\/p>\n","protected":false},"author":1,"featured_media":2177,"comment_status":"closed","ping_status":"closed","sticky":false,"template":"","format":"standard","meta":{"footnotes":""},"categories":[1],"tags":[],"class_list":["post-2180","post","type-post","status-publish","format-standard","has-post-thumbnail","hentry","category-naechstes_konzert"],"_links":{"self":[{"href":"https:\/\/kammermusik-im-bibliothekssaal.de\/index.php?rest_route=\/wp\/v2\/posts\/2180"}],"collection":[{"href":"https:\/\/kammermusik-im-bibliothekssaal.de\/index.php?rest_route=\/wp\/v2\/posts"}],"about":[{"href":"https:\/\/kammermusik-im-bibliothekssaal.de\/index.php?rest_route=\/wp\/v2\/types\/post"}],"author":[{"embeddable":true,"href":"https:\/\/kammermusik-im-bibliothekssaal.de\/index.php?rest_route=\/wp\/v2\/users\/1"}],"replies":[{"embeddable":true,"href":"https:\/\/kammermusik-im-bibliothekssaal.de\/index.php?rest_route=%2Fwp%2Fv2%2Fcomments&post=2180"}],"version-history":[{"count":5,"href":"https:\/\/kammermusik-im-bibliothekssaal.de\/index.php?rest_route=\/wp\/v2\/posts\/2180\/revisions"}],"predecessor-version":[{"id":2187,"href":"https:\/\/kammermusik-im-bibliothekssaal.de\/index.php?rest_route=\/wp\/v2\/posts\/2180\/revisions\/2187"}],"wp:featuredmedia":[{"embeddable":true,"href":"https:\/\/kammermusik-im-bibliothekssaal.de\/index.php?rest_route=\/wp\/v2\/media\/2177"}],"wp:attachment":[{"href":"https:\/\/kammermusik-im-bibliothekssaal.de\/index.php?rest_route=%2Fwp%2Fv2%2Fmedia&parent=2180"}],"wp:term":[{"taxonomy":"category","embeddable":true,"href":"https:\/\/kammermusik-im-bibliothekssaal.de\/index.php?rest_route=%2Fwp%2Fv2%2Fcategories&post=2180"},{"taxonomy":"post_tag","embeddable":true,"href":"https:\/\/kammermusik-im-bibliothekssaal.de\/index.php?rest_route=%2Fwp%2Fv2%2Ftags&post=2180"}],"curies":[{"name":"wp","href":"https:\/\/api.w.org\/{rel}","templated":true}]}}