{"id":2132,"date":"2020-10-29T22:17:12","date_gmt":"2020-10-29T21:17:12","guid":{"rendered":"http:\/\/kammermusik-im-bibliothekssaal.de\/?p=2132"},"modified":"2020-10-29T22:28:48","modified_gmt":"2020-10-29T21:28:48","slug":"8-november-beethoven-tarrodi-abgesagt","status":"publish","type":"post","link":"https:\/\/kammermusik-im-bibliothekssaal.de\/?p=2132","title":{"rendered":"8. November: Beethoven \u2013 Tarrodi \/\/ ABGESAGT"},"content":{"rendered":"\n<p>Aufgrund der am 28. Oktober erlassenen Verordnung der Bundesregierung und der heutigen Umsetzung der Regelungen in Bayern gilt ab 2. November ein allgemeines Verbot von &#8222;Veranstaltungen, die der Unterhaltung dienen&#8220;.<\/p>\n\n\n\n<p>Daher muss das Konzert des Minguet Quartetts mit Streichquartetten von Beethoven und Andrea Tarrodi leider abgesagt werden. Bereits gekaufte Karten werden erstattet. Bei \u00dcberweisung per R\u00fcck\u00fcberweisung, bei Kauf im Reiseb\u00fcro Vivell ebendort.<\/p>\n\n\n\n<p>Bei allem Respekt und Verst\u00e4ndnis f\u00fcr die schwierige Situation der Verantworlichen in der Politik ist es ist ein Jammer, dass nun wieder die Kultur mit anderen &#8222;Freizeitvergn\u00fcgungen&#8220; (wie z.B. Spa\u00dfb\u00e4dern, Fitnessstudios und Freizeitparks) trotz nachweislich funktionierender Hygienekonzepte gleichgestellt und unm\u00f6glich gemacht wird.  <\/p>\n\n\n\n<p>Das Konzert am Samstag den 5. Dezember kann nach heutigem Stand stattfinden.<\/p>\n","protected":false},"excerpt":{"rendered":"<p>Aufgrund der am 28. Oktober erlassenen Verordnung der Bundesregierung und der heutigen Umsetzung der Regelungen in Bayern gilt ab 2. November ein allgemeines Verbot von &#8222;Veranstaltungen, die der Unterhaltung dienen&#8220;. Daher muss das Konzert des Minguet Quartetts mit Streichquartetten von<\/p>\n","protected":false},"author":1,"featured_media":2128,"comment_status":"closed","ping_status":"closed","sticky":false,"template":"","format":"standard","meta":{"footnotes":""},"categories":[1],"tags":[],"class_list":["post-2132","post","type-post","status-publish","format-standard","has-post-thumbnail","hentry","category-naechstes_konzert"],"_links":{"self":[{"href":"https:\/\/kammermusik-im-bibliothekssaal.de\/index.php?rest_route=\/wp\/v2\/posts\/2132"}],"collection":[{"href":"https:\/\/kammermusik-im-bibliothekssaal.de\/index.php?rest_route=\/wp\/v2\/posts"}],"about":[{"href":"https:\/\/kammermusik-im-bibliothekssaal.de\/index.php?rest_route=\/wp\/v2\/types\/post"}],"author":[{"embeddable":true,"href":"https:\/\/kammermusik-im-bibliothekssaal.de\/index.php?rest_route=\/wp\/v2\/users\/1"}],"replies":[{"embeddable":true,"href":"https:\/\/kammermusik-im-bibliothekssaal.de\/index.php?rest_route=%2Fwp%2Fv2%2Fcomments&post=2132"}],"version-history":[{"count":2,"href":"https:\/\/kammermusik-im-bibliothekssaal.de\/index.php?rest_route=\/wp\/v2\/posts\/2132\/revisions"}],"predecessor-version":[{"id":2134,"href":"https:\/\/kammermusik-im-bibliothekssaal.de\/index.php?rest_route=\/wp\/v2\/posts\/2132\/revisions\/2134"}],"wp:featuredmedia":[{"embeddable":true,"href":"https:\/\/kammermusik-im-bibliothekssaal.de\/index.php?rest_route=\/wp\/v2\/media\/2128"}],"wp:attachment":[{"href":"https:\/\/kammermusik-im-bibliothekssaal.de\/index.php?rest_route=%2Fwp%2Fv2%2Fmedia&parent=2132"}],"wp:term":[{"taxonomy":"category","embeddable":true,"href":"https:\/\/kammermusik-im-bibliothekssaal.de\/index.php?rest_route=%2Fwp%2Fv2%2Fcategories&post=2132"},{"taxonomy":"post_tag","embeddable":true,"href":"https:\/\/kammermusik-im-bibliothekssaal.de\/index.php?rest_route=%2Fwp%2Fv2%2Ftags&post=2132"}],"curies":[{"name":"wp","href":"https:\/\/api.w.org\/{rel}","templated":true}]}}