{"id":2124,"date":"2020-10-20T17:12:47","date_gmt":"2020-10-20T15:12:47","guid":{"rendered":"http:\/\/kammermusik-im-bibliothekssaal.de\/?p=2124"},"modified":"2020-10-20T17:13:07","modified_gmt":"2020-10-20T15:13:07","slug":"kartenverkauf-beginnt-am-montag-den-26-10-2020","status":"publish","type":"post","link":"https:\/\/kammermusik-im-bibliothekssaal.de\/?p=2124","title":{"rendered":"Kartenverkauf beginnt am Montag den 26. Oktober 2020"},"content":{"rendered":"\n<p>Der Kartenverkauf f\u00fcr die beiden Konzerte am Sonntag den 8. November und Samstag den 5. Dezember 2020 in der Landmaschinenschule startet am Montag den 26. Oktober.<\/p>\n\n\n\n<p>Karten zu 20\u20ac (bzw. 10\u20ac erm\u00e4\u00dfigt f\u00fcr Kinder Sch\u00fcler und Studenten bis 26 Jahre) gibt es im Vorverkauf beim Reiseb\u00fcro Vivell am Landsberger Hauptplatz oder zur Reservierung per Email unter karten@kammermusik-landsberg.de.<\/p>\n\n\n\n<p>Die per Email reservierten Karten liegen an der Abendkasse bereit. <br>Der Betrag kann entweder vorher \u00fcberwiesen werden oder an der Abendkasse &#8211; m\u00f6glichst passend &#8211; bezahlt werden.<\/p>\n\n\n\n<figure class=\"wp-block-image size-medium\"><img loading=\"lazy\" decoding=\"async\" width=\"218\" height=\"300\" src=\"https:\/\/kammermusik-im-bibliothekssaal.de\/wp-content\/uploads\/2020\/10\/Plakat_05.12.20-218x300.jpg\" alt=\"\" class=\"wp-image-2110\" srcset=\"https:\/\/kammermusik-im-bibliothekssaal.de\/wp-content\/uploads\/2020\/10\/Plakat_05.12.20-218x300.jpg 218w, https:\/\/kammermusik-im-bibliothekssaal.de\/wp-content\/uploads\/2020\/10\/Plakat_05.12.20-743x1024.jpg 743w, https:\/\/kammermusik-im-bibliothekssaal.de\/wp-content\/uploads\/2020\/10\/Plakat_05.12.20-109x150.jpg 109w, https:\/\/kammermusik-im-bibliothekssaal.de\/wp-content\/uploads\/2020\/10\/Plakat_05.12.20.jpg 1000w\" sizes=\"(max-width: 218px) 100vw, 218px\" \/><\/figure>\n","protected":false},"excerpt":{"rendered":"<p>Der Kartenverkauf f\u00fcr die beiden Konzerte am Sonntag den 8. November und Samstag den 5. Dezember 2020 in der Landmaschinenschule startet am Montag den 26. Oktober. Karten zu 20\u20ac (bzw. 10\u20ac erm\u00e4\u00dfigt f\u00fcr Kinder Sch\u00fcler und Studenten bis 26 Jahre)<\/p>\n","protected":false},"author":1,"featured_media":2111,"comment_status":"closed","ping_status":"closed","sticky":false,"template":"","format":"standard","meta":{"footnotes":""},"categories":[1],"tags":[],"class_list":["post-2124","post","type-post","status-publish","format-standard","has-post-thumbnail","hentry","category-naechstes_konzert"],"_links":{"self":[{"href":"https:\/\/kammermusik-im-bibliothekssaal.de\/index.php?rest_route=\/wp\/v2\/posts\/2124"}],"collection":[{"href":"https:\/\/kammermusik-im-bibliothekssaal.de\/index.php?rest_route=\/wp\/v2\/posts"}],"about":[{"href":"https:\/\/kammermusik-im-bibliothekssaal.de\/index.php?rest_route=\/wp\/v2\/types\/post"}],"author":[{"embeddable":true,"href":"https:\/\/kammermusik-im-bibliothekssaal.de\/index.php?rest_route=\/wp\/v2\/users\/1"}],"replies":[{"embeddable":true,"href":"https:\/\/kammermusik-im-bibliothekssaal.de\/index.php?rest_route=%2Fwp%2Fv2%2Fcomments&post=2124"}],"version-history":[{"count":2,"href":"https:\/\/kammermusik-im-bibliothekssaal.de\/index.php?rest_route=\/wp\/v2\/posts\/2124\/revisions"}],"predecessor-version":[{"id":2126,"href":"https:\/\/kammermusik-im-bibliothekssaal.de\/index.php?rest_route=\/wp\/v2\/posts\/2124\/revisions\/2126"}],"wp:featuredmedia":[{"embeddable":true,"href":"https:\/\/kammermusik-im-bibliothekssaal.de\/index.php?rest_route=\/wp\/v2\/media\/2111"}],"wp:attachment":[{"href":"https:\/\/kammermusik-im-bibliothekssaal.de\/index.php?rest_route=%2Fwp%2Fv2%2Fmedia&parent=2124"}],"wp:term":[{"taxonomy":"category","embeddable":true,"href":"https:\/\/kammermusik-im-bibliothekssaal.de\/index.php?rest_route=%2Fwp%2Fv2%2Fcategories&post=2124"},{"taxonomy":"post_tag","embeddable":true,"href":"https:\/\/kammermusik-im-bibliothekssaal.de\/index.php?rest_route=%2Fwp%2Fv2%2Ftags&post=2124"}],"curies":[{"name":"wp","href":"https:\/\/api.w.org\/{rel}","templated":true}]}}