{"id":2058,"date":"2020-08-12T14:44:44","date_gmt":"2020-08-12T12:44:44","guid":{"rendered":"http:\/\/kammermusik-im-bibliothekssaal.de\/?p=2058"},"modified":"2020-08-12T14:45:50","modified_gmt":"2020-08-12T12:45:50","slug":"sommer-soiree-4-15-august-alle-plaetze-belegt","status":"publish","type":"post","link":"https:\/\/kammermusik-im-bibliothekssaal.de\/?p=2058","title":{"rendered":"Sommer-Soir\u00e9e Vier, 15. August \u2013 Alle Pl\u00e4tze belegt!"},"content":{"rendered":"\n<div class=\"wp-block-image\"><figure class=\"alignright is-resized\"><img loading=\"lazy\" decoding=\"async\" src=\"https:\/\/kammermusik-im-bibliothekssaal.de\/wp-content\/uploads\/2020\/07\/DuoLauteSopran-768x1024.jpg\" alt=\"\" class=\"wp-image-2015\" width=\"249\" height=\"332\" srcset=\"https:\/\/kammermusik-im-bibliothekssaal.de\/wp-content\/uploads\/2020\/07\/DuoLauteSopran-768x1024.jpg 768w, https:\/\/kammermusik-im-bibliothekssaal.de\/wp-content\/uploads\/2020\/07\/DuoLauteSopran-225x300.jpg 225w, https:\/\/kammermusik-im-bibliothekssaal.de\/wp-content\/uploads\/2020\/07\/DuoLauteSopran-113x150.jpg 113w, https:\/\/kammermusik-im-bibliothekssaal.de\/wp-content\/uploads\/2020\/07\/DuoLauteSopran-1536x2048.jpg 1536w, https:\/\/kammermusik-im-bibliothekssaal.de\/wp-content\/uploads\/2020\/07\/DuoLauteSopran-scaled.jpg 1920w\" sizes=\"(max-width: 249px) 100vw, 249px\" \/><figcaption>Alexandra Steiner und Axel Wolf<\/figcaption><\/figure><\/div>\n\n\n\n<p>F\u00fcr die Soir\u00e9e am kommenden Samstag den 15. August um 19 Uhr mit dem Ensemble <em>La Fantasia<\/em> auf Originalinstrumenten k\u00f6nnen leider keine Reservierungen mehr angenommen werden. Die zul\u00e4ssige H\u00f6chstzahl an Zuh\u00f6rern ist bereits erreicht. <br>Falls Reservierungen nicht wahrgenommen werden, besteht am Konzertabend noch die Chance auf Einlass.<\/p>\n\n\n\n<p>F\u00fcr die Sommer-Soir\u00e9e F\u00fcnf am Donnerstag den 20. August um 19 Uhr mit Alexandra Steiner \/ Sopran \/ und Axel Wolf \/ Laute \/ sind noch Reservierungen m\u00f6glich.<\/p>\n","protected":false},"excerpt":{"rendered":"<p>F\u00fcr die Soir\u00e9e am kommenden Samstag den 15. August um 19 Uhr mit dem Ensemble La Fantasia auf Originalinstrumenten k\u00f6nnen leider keine Reservierungen mehr angenommen werden. Die zul\u00e4ssige H\u00f6chstzahl an Zuh\u00f6rern ist bereits erreicht. Falls Reservierungen nicht wahrgenommen werden, besteht<\/p>\n","protected":false},"author":1,"featured_media":2005,"comment_status":"closed","ping_status":"closed","sticky":false,"template":"","format":"standard","meta":{"footnotes":""},"categories":[1],"tags":[],"class_list":["post-2058","post","type-post","status-publish","format-standard","has-post-thumbnail","hentry","category-naechstes_konzert"],"_links":{"self":[{"href":"https:\/\/kammermusik-im-bibliothekssaal.de\/index.php?rest_route=\/wp\/v2\/posts\/2058"}],"collection":[{"href":"https:\/\/kammermusik-im-bibliothekssaal.de\/index.php?rest_route=\/wp\/v2\/posts"}],"about":[{"href":"https:\/\/kammermusik-im-bibliothekssaal.de\/index.php?rest_route=\/wp\/v2\/types\/post"}],"author":[{"embeddable":true,"href":"https:\/\/kammermusik-im-bibliothekssaal.de\/index.php?rest_route=\/wp\/v2\/users\/1"}],"replies":[{"embeddable":true,"href":"https:\/\/kammermusik-im-bibliothekssaal.de\/index.php?rest_route=%2Fwp%2Fv2%2Fcomments&post=2058"}],"version-history":[{"count":2,"href":"https:\/\/kammermusik-im-bibliothekssaal.de\/index.php?rest_route=\/wp\/v2\/posts\/2058\/revisions"}],"predecessor-version":[{"id":2060,"href":"https:\/\/kammermusik-im-bibliothekssaal.de\/index.php?rest_route=\/wp\/v2\/posts\/2058\/revisions\/2060"}],"wp:featuredmedia":[{"embeddable":true,"href":"https:\/\/kammermusik-im-bibliothekssaal.de\/index.php?rest_route=\/wp\/v2\/media\/2005"}],"wp:attachment":[{"href":"https:\/\/kammermusik-im-bibliothekssaal.de\/index.php?rest_route=%2Fwp%2Fv2%2Fmedia&parent=2058"}],"wp:term":[{"taxonomy":"category","embeddable":true,"href":"https:\/\/kammermusik-im-bibliothekssaal.de\/index.php?rest_route=%2Fwp%2Fv2%2Fcategories&post=2058"},{"taxonomy":"post_tag","embeddable":true,"href":"https:\/\/kammermusik-im-bibliothekssaal.de\/index.php?rest_route=%2Fwp%2Fv2%2Ftags&post=2058"}],"curies":[{"name":"wp","href":"https:\/\/api.w.org\/{rel}","templated":true}]}}