{"id":1994,"date":"2020-07-10T14:16:52","date_gmt":"2020-07-10T12:16:52","guid":{"rendered":"http:\/\/kammermusik-im-bibliothekssaal.de\/?p=1994"},"modified":"2020-07-10T14:18:24","modified_gmt":"2020-07-10T12:18:24","slug":"sommer-soireen-2-3-alle-plaetze-belegt","status":"publish","type":"post","link":"https:\/\/kammermusik-im-bibliothekssaal.de\/?p=1994","title":{"rendered":"Sommer-Soir\u00e9en Zwei und  Drei: alle Pl\u00e4tze belegt!"},"content":{"rendered":"\n<div class=\"wp-block-image\"><figure class=\"alignleft size-medium\"><img loading=\"lazy\" decoding=\"async\" width=\"212\" height=\"300\" src=\"https:\/\/kammermusik-im-bibliothekssaal.de\/wp-content\/uploads\/2020\/06\/SommerSoiree2-212x300.jpg\" alt=\"\" class=\"wp-image-1978\" srcset=\"https:\/\/kammermusik-im-bibliothekssaal.de\/wp-content\/uploads\/2020\/06\/SommerSoiree2-212x300.jpg 212w, https:\/\/kammermusik-im-bibliothekssaal.de\/wp-content\/uploads\/2020\/06\/SommerSoiree2-724x1024.jpg 724w, https:\/\/kammermusik-im-bibliothekssaal.de\/wp-content\/uploads\/2020\/06\/SommerSoiree2-106x150.jpg 106w, https:\/\/kammermusik-im-bibliothekssaal.de\/wp-content\/uploads\/2020\/06\/SommerSoiree2.jpg 1000w\" sizes=\"(max-width: 212px) 100vw, 212px\" \/><\/figure><\/div>\n\n\n\n<div class=\"wp-block-image\"><figure class=\"alignright size-medium\"><img loading=\"lazy\" decoding=\"async\" width=\"212\" height=\"300\" src=\"https:\/\/kammermusik-im-bibliothekssaal.de\/wp-content\/uploads\/2020\/06\/SommerSoiree3-212x300.jpg\" alt=\"\" class=\"wp-image-1979\" srcset=\"https:\/\/kammermusik-im-bibliothekssaal.de\/wp-content\/uploads\/2020\/06\/SommerSoiree3-212x300.jpg 212w, https:\/\/kammermusik-im-bibliothekssaal.de\/wp-content\/uploads\/2020\/06\/SommerSoiree3-724x1024.jpg 724w, https:\/\/kammermusik-im-bibliothekssaal.de\/wp-content\/uploads\/2020\/06\/SommerSoiree3-106x150.jpg 106w, https:\/\/kammermusik-im-bibliothekssaal.de\/wp-content\/uploads\/2020\/06\/SommerSoiree3.jpg 1000w\" sizes=\"(max-width: 212px) 100vw, 212px\" \/><\/figure><\/div>\n\n\n\n<p><strong>F\u00fcr die beiden Konzerte am 15. Juli und am 24. Juli<\/strong> im S\u00e4ulenhof des ehemaligen Heilig-Geist-Spitals <strong>k\u00f6nnen leider keine Pl\u00e4tze mehr reserviert werden<\/strong>. Es war nicht m\u00f6glich, die zul\u00e4ssige Besucherzahl zu erh\u00f6hen.<br>Eine weitere Sommer-Soir\u00e9e wird am 15. August stattfinden. Das Programm folgt in K\u00fcrze.<\/p>\n","protected":false},"excerpt":{"rendered":"<p>F\u00fcr die beiden Konzerte am 15. Juli und am 24. Juli im S\u00e4ulenhof des ehemaligen Heilig-Geist-Spitals k\u00f6nnen leider keine Pl\u00e4tze mehr reserviert werden. Es war nicht m\u00f6glich, die zul\u00e4ssige Besucherzahl zu erh\u00f6hen.Eine weitere Sommer-Soir\u00e9e wird am 15. August stattfinden. Das<\/p>\n","protected":false},"author":1,"featured_media":1955,"comment_status":"closed","ping_status":"closed","sticky":false,"template":"","format":"standard","meta":{"footnotes":""},"categories":[1],"tags":[],"class_list":["post-1994","post","type-post","status-publish","format-standard","has-post-thumbnail","hentry","category-naechstes_konzert"],"_links":{"self":[{"href":"https:\/\/kammermusik-im-bibliothekssaal.de\/index.php?rest_route=\/wp\/v2\/posts\/1994"}],"collection":[{"href":"https:\/\/kammermusik-im-bibliothekssaal.de\/index.php?rest_route=\/wp\/v2\/posts"}],"about":[{"href":"https:\/\/kammermusik-im-bibliothekssaal.de\/index.php?rest_route=\/wp\/v2\/types\/post"}],"author":[{"embeddable":true,"href":"https:\/\/kammermusik-im-bibliothekssaal.de\/index.php?rest_route=\/wp\/v2\/users\/1"}],"replies":[{"embeddable":true,"href":"https:\/\/kammermusik-im-bibliothekssaal.de\/index.php?rest_route=%2Fwp%2Fv2%2Fcomments&post=1994"}],"version-history":[{"count":2,"href":"https:\/\/kammermusik-im-bibliothekssaal.de\/index.php?rest_route=\/wp\/v2\/posts\/1994\/revisions"}],"predecessor-version":[{"id":1996,"href":"https:\/\/kammermusik-im-bibliothekssaal.de\/index.php?rest_route=\/wp\/v2\/posts\/1994\/revisions\/1996"}],"wp:featuredmedia":[{"embeddable":true,"href":"https:\/\/kammermusik-im-bibliothekssaal.de\/index.php?rest_route=\/wp\/v2\/media\/1955"}],"wp:attachment":[{"href":"https:\/\/kammermusik-im-bibliothekssaal.de\/index.php?rest_route=%2Fwp%2Fv2%2Fmedia&parent=1994"}],"wp:term":[{"taxonomy":"category","embeddable":true,"href":"https:\/\/kammermusik-im-bibliothekssaal.de\/index.php?rest_route=%2Fwp%2Fv2%2Fcategories&post=1994"},{"taxonomy":"post_tag","embeddable":true,"href":"https:\/\/kammermusik-im-bibliothekssaal.de\/index.php?rest_route=%2Fwp%2Fv2%2Ftags&post=1994"}],"curies":[{"name":"wp","href":"https:\/\/api.w.org\/{rel}","templated":true}]}}