{"id":1799,"date":"2020-01-05T23:51:40","date_gmt":"2020-01-05T22:51:40","guid":{"rendered":"http:\/\/kammermusik-im-bibliothekssaal.de\/?p=1799"},"modified":"2020-01-05T23:53:46","modified_gmt":"2020-01-05T22:53:46","slug":"ein-gutes-neues-jahr-2020","status":"publish","type":"post","link":"https:\/\/kammermusik-im-bibliothekssaal.de\/?p=1799","title":{"rendered":"Ein gutes neues Jahr 2020!"},"content":{"rendered":"\n<div class=\"wp-block-image\"><figure class=\"alignright size-large is-resized\"><img loading=\"lazy\" decoding=\"async\" src=\"https:\/\/kammermusik-im-bibliothekssaal.de\/wp-content\/uploads\/2020\/01\/DSCF2203-1024x768.jpg\" alt=\"\" class=\"wp-image-1800\" width=\"346\" height=\"260\" srcset=\"https:\/\/kammermusik-im-bibliothekssaal.de\/wp-content\/uploads\/2020\/01\/DSCF2203-1024x768.jpg 1024w, https:\/\/kammermusik-im-bibliothekssaal.de\/wp-content\/uploads\/2020\/01\/DSCF2203-300x225.jpg 300w, https:\/\/kammermusik-im-bibliothekssaal.de\/wp-content\/uploads\/2020\/01\/DSCF2203-150x113.jpg 150w, https:\/\/kammermusik-im-bibliothekssaal.de\/wp-content\/uploads\/2020\/01\/DSCF2203-1536x1152.jpg 1536w, https:\/\/kammermusik-im-bibliothekssaal.de\/wp-content\/uploads\/2020\/01\/DSCF2203-2048x1536.jpg 2048w\" sizes=\"(max-width: 346px) 100vw, 346px\" \/><figcaption>Diese drei K\u00fcnstler sind die Virtuosen im Jahr 2020: Dorothea Bender, Horn, Michael Meinel, Klarinette und Johannes Overbeck, Fagott.<\/figcaption><\/figure><\/div>\n\n\n\n<p>Ihnen allen ein gesundes und erfolgreiches, musikalisch erfreuliches und friedliches neues Jahr!<\/p>\n\n\n\n<p>Am 19. Januar 2020 findet das erste Konzert im neuen Jahr statt: WIDMUNGEN<br>Drei Werke, inspiriert von den Virtuosen ihrer Zeit auf Horn, Klarinette und Fagott, die wohl ohne die direkte Freundschaft Mozarts, Webers und Fran\u00e7aix&#8216; mit den Interpreten nie entstanden w\u00e4ren.<br>Das Divertissement von Jean Fran\u00e7aix ist dem legend\u00e4ren englischen Fagottisten William Waterhouse gewidmet. Sein Sohn Graham Waterhouse komponierte in Andenken an den Vater das Streichtrio &#8222;Epitaphium&#8220;.<\/p>\n\n\n\n<p>Es gibt nicht mehr viele Karten f\u00fcr dieses Konzert. Bitte reservieren Sie bald!<\/p>\n","protected":false},"excerpt":{"rendered":"<p>Ihnen allen ein gesundes und erfolgreiches, musikalisch erfreuliches und friedliches neues Jahr! Am 19. Januar 2020 findet das erste Konzert im neuen Jahr statt: WIDMUNGENDrei Werke, inspiriert von den Virtuosen ihrer Zeit auf Horn, Klarinette und Fagott, die wohl ohne<\/p>\n","protected":false},"author":1,"featured_media":1763,"comment_status":"closed","ping_status":"closed","sticky":false,"template":"","format":"standard","meta":{"footnotes":""},"categories":[1],"tags":[],"class_list":["post-1799","post","type-post","status-publish","format-standard","has-post-thumbnail","hentry","category-naechstes_konzert"],"_links":{"self":[{"href":"https:\/\/kammermusik-im-bibliothekssaal.de\/index.php?rest_route=\/wp\/v2\/posts\/1799"}],"collection":[{"href":"https:\/\/kammermusik-im-bibliothekssaal.de\/index.php?rest_route=\/wp\/v2\/posts"}],"about":[{"href":"https:\/\/kammermusik-im-bibliothekssaal.de\/index.php?rest_route=\/wp\/v2\/types\/post"}],"author":[{"embeddable":true,"href":"https:\/\/kammermusik-im-bibliothekssaal.de\/index.php?rest_route=\/wp\/v2\/users\/1"}],"replies":[{"embeddable":true,"href":"https:\/\/kammermusik-im-bibliothekssaal.de\/index.php?rest_route=%2Fwp%2Fv2%2Fcomments&post=1799"}],"version-history":[{"count":3,"href":"https:\/\/kammermusik-im-bibliothekssaal.de\/index.php?rest_route=\/wp\/v2\/posts\/1799\/revisions"}],"predecessor-version":[{"id":1803,"href":"https:\/\/kammermusik-im-bibliothekssaal.de\/index.php?rest_route=\/wp\/v2\/posts\/1799\/revisions\/1803"}],"wp:featuredmedia":[{"embeddable":true,"href":"https:\/\/kammermusik-im-bibliothekssaal.de\/index.php?rest_route=\/wp\/v2\/media\/1763"}],"wp:attachment":[{"href":"https:\/\/kammermusik-im-bibliothekssaal.de\/index.php?rest_route=%2Fwp%2Fv2%2Fmedia&parent=1799"}],"wp:term":[{"taxonomy":"category","embeddable":true,"href":"https:\/\/kammermusik-im-bibliothekssaal.de\/index.php?rest_route=%2Fwp%2Fv2%2Fcategories&post=1799"},{"taxonomy":"post_tag","embeddable":true,"href":"https:\/\/kammermusik-im-bibliothekssaal.de\/index.php?rest_route=%2Fwp%2Fv2%2Ftags&post=1799"}],"curies":[{"name":"wp","href":"https:\/\/api.w.org\/{rel}","templated":true}]}}