{"id":1544,"date":"2018-04-07T13:16:52","date_gmt":"2018-04-07T11:16:52","guid":{"rendered":"http:\/\/kammermusik-im-bibliothekssaal.de\/?p=1544"},"modified":"2018-04-07T13:17:33","modified_gmt":"2018-04-07T11:17:33","slug":"morgen-8-april-schiefe-perlen-ausverkauft","status":"publish","type":"post","link":"https:\/\/kammermusik-im-bibliothekssaal.de\/?p=1544","title":{"rendered":"MORGEN 8. April: Schiefe Perlen \u2013 AUSVERKAUFT"},"content":{"rendered":"<p><img loading=\"lazy\" decoding=\"async\" class=\"alignright wp-image-1455 size-medium\" src=\"https:\/\/kammermusik-im-bibliothekssaal.de\/wp-content\/uploads\/2017\/08\/bar_gruppe_mit_pavel_gross-300x187.jpg\" alt=\"\" width=\"300\" height=\"187\" srcset=\"https:\/\/kammermusik-im-bibliothekssaal.de\/wp-content\/uploads\/2017\/08\/bar_gruppe_mit_pavel_gross-300x187.jpg 300w, https:\/\/kammermusik-im-bibliothekssaal.de\/wp-content\/uploads\/2017\/08\/bar_gruppe_mit_pavel_gross-150x93.jpg 150w, https:\/\/kammermusik-im-bibliothekssaal.de\/wp-content\/uploads\/2017\/08\/bar_gruppe_mit_pavel_gross-1024x637.jpg 1024w\" sizes=\"(max-width: 300px) 100vw, 300px\" \/>Das morgige Konzert mit dem Ensemble Barockin&#8216; auf Originalinstrumenten ist leider bereits ausverkauft.<br \/>\nZur\u00fcckgegebene Karten sind eventuell ab 17.15 Uhr an der Abendkasse erh\u00e4ltlich.<\/p>\n<p>Das Programmheft zum Konzert k\u00f6nnen Sie hier lesen:<a href=\"https:\/\/kammermusik-im-bibliothekssaal.de\/wp-content\/uploads\/2018\/04\/Programm_08.04.18.pdf\">\u00a0Programm 08.04.18<\/a><\/p>\n<p>Das n\u00e4chste und letzte Konzert der Saison 17\/18 findet am Sonntag den 3. Juni um 18 Uhr statt.<br \/>\nDas M\u00fcnchner Streichquartett und die Sopranistin Lydia Teuscher interpretieren Werke von Mendelssohn und Schostakowitsch.<\/p>\n","protected":false},"excerpt":{"rendered":"<p>Das morgige Konzert mit dem Ensemble Barockin&#8216; auf Originalinstrumenten ist leider bereits ausverkauft. Zur\u00fcckgegebene Karten sind eventuell ab 17.15 Uhr an der Abendkasse erh\u00e4ltlich. Das Programmheft zum Konzert k\u00f6nnen Sie hier lesen:\u00a0Programm 08.04.18 Das n\u00e4chste und letzte Konzert der Saison<\/p>\n","protected":false},"author":1,"featured_media":1471,"comment_status":"closed","ping_status":"closed","sticky":false,"template":"","format":"standard","meta":{"footnotes":""},"categories":[1],"tags":[],"class_list":["post-1544","post","type-post","status-publish","format-standard","has-post-thumbnail","hentry","category-naechstes_konzert"],"_links":{"self":[{"href":"https:\/\/kammermusik-im-bibliothekssaal.de\/index.php?rest_route=\/wp\/v2\/posts\/1544"}],"collection":[{"href":"https:\/\/kammermusik-im-bibliothekssaal.de\/index.php?rest_route=\/wp\/v2\/posts"}],"about":[{"href":"https:\/\/kammermusik-im-bibliothekssaal.de\/index.php?rest_route=\/wp\/v2\/types\/post"}],"author":[{"embeddable":true,"href":"https:\/\/kammermusik-im-bibliothekssaal.de\/index.php?rest_route=\/wp\/v2\/users\/1"}],"replies":[{"embeddable":true,"href":"https:\/\/kammermusik-im-bibliothekssaal.de\/index.php?rest_route=%2Fwp%2Fv2%2Fcomments&post=1544"}],"version-history":[{"count":2,"href":"https:\/\/kammermusik-im-bibliothekssaal.de\/index.php?rest_route=\/wp\/v2\/posts\/1544\/revisions"}],"predecessor-version":[{"id":1547,"href":"https:\/\/kammermusik-im-bibliothekssaal.de\/index.php?rest_route=\/wp\/v2\/posts\/1544\/revisions\/1547"}],"wp:featuredmedia":[{"embeddable":true,"href":"https:\/\/kammermusik-im-bibliothekssaal.de\/index.php?rest_route=\/wp\/v2\/media\/1471"}],"wp:attachment":[{"href":"https:\/\/kammermusik-im-bibliothekssaal.de\/index.php?rest_route=%2Fwp%2Fv2%2Fmedia&parent=1544"}],"wp:term":[{"taxonomy":"category","embeddable":true,"href":"https:\/\/kammermusik-im-bibliothekssaal.de\/index.php?rest_route=%2Fwp%2Fv2%2Fcategories&post=1544"},{"taxonomy":"post_tag","embeddable":true,"href":"https:\/\/kammermusik-im-bibliothekssaal.de\/index.php?rest_route=%2Fwp%2Fv2%2Ftags&post=1544"}],"curies":[{"name":"wp","href":"https:\/\/api.w.org\/{rel}","templated":true}]}}