{"id":1429,"date":"2017-05-05T23:07:31","date_gmt":"2017-05-05T21:07:31","guid":{"rendered":"http:\/\/kammermusik-im-bibliothekssaal.de\/?p=1429"},"modified":"2017-05-05T23:08:30","modified_gmt":"2017-05-05T21:08:30","slug":"7-mai-2017-brahms-184-geburtstag-nur-noch-sehr-wenige-karten","status":"publish","type":"post","link":"https:\/\/kammermusik-im-bibliothekssaal.de\/?p=1429","title":{"rendered":"7. Mai 2017: Brahms&#8216; 184. Geburtstag \u2013 Nur noch sehr wenige Karten!"},"content":{"rendered":"<p><img loading=\"lazy\" decoding=\"async\" class=\"alignleft wp-image-1278 \" src=\"https:\/\/kammermusik-im-bibliothekssaal.de\/wp-content\/uploads\/2016\/09\/Brahms_Geburtstag-106x150.jpg\" alt=\"\" width=\"131\" height=\"185\" srcset=\"https:\/\/kammermusik-im-bibliothekssaal.de\/wp-content\/uploads\/2016\/09\/Brahms_Geburtstag-106x150.jpg 106w, https:\/\/kammermusik-im-bibliothekssaal.de\/wp-content\/uploads\/2016\/09\/Brahms_Geburtstag-213x300.jpg 213w, https:\/\/kammermusik-im-bibliothekssaal.de\/wp-content\/uploads\/2016\/09\/Brahms_Geburtstag-726x1024.jpg 726w, https:\/\/kammermusik-im-bibliothekssaal.de\/wp-content\/uploads\/2016\/09\/Brahms_Geburtstag.jpg 1000w\" sizes=\"(max-width: 131px) 100vw, 131px\" \/>F\u00fcr das Konzert am Sonntag den 7. Mai um 18 Uhr mit Werken von Wilhelm Berger, Johannes Brahms und Ernst von Dohn\u00e1nyi gibt es nur noch sehr wenige Karten nur noch zur Reservierung f\u00fcr die Abendkasse per Email an <a href=\"mailto:karten@kammermusik-landsberg.de\">karten@kammermusik-landsberg.de<\/a>.<\/p>\n<p>Das Programmheft zum Konzert k\u00f6nnen Sie <a href=\"https:\/\/kammermusik-im-bibliothekssaal.de\/wp-content\/uploads\/2017\/04\/Programm_Brahms_Geburtstag.pdf\" target=\"_blank\" rel=\"noopener noreferrer\">hier <\/a>lesen.<\/p>\n<p>Dieses Konzert ist das letzte der Saison 2016\/17.<br \/>\nDie Termine f\u00fcr die kommende Saison erfahren Sie demn\u00e4chst hier auf der Homepage.<\/p>\n","protected":false},"excerpt":{"rendered":"<p>F\u00fcr das Konzert am Sonntag den 7. Mai um 18 Uhr mit Werken von Wilhelm Berger, Johannes Brahms und Ernst von Dohn\u00e1nyi gibt es nur noch sehr wenige Karten nur noch zur Reservierung f\u00fcr die Abendkasse per Email an karten@kammermusik-landsberg.de.<\/p>\n","protected":false},"author":1,"featured_media":1296,"comment_status":"closed","ping_status":"closed","sticky":false,"template":"","format":"standard","meta":{"footnotes":""},"categories":[1],"tags":[],"class_list":["post-1429","post","type-post","status-publish","format-standard","has-post-thumbnail","hentry","category-naechstes_konzert"],"_links":{"self":[{"href":"https:\/\/kammermusik-im-bibliothekssaal.de\/index.php?rest_route=\/wp\/v2\/posts\/1429"}],"collection":[{"href":"https:\/\/kammermusik-im-bibliothekssaal.de\/index.php?rest_route=\/wp\/v2\/posts"}],"about":[{"href":"https:\/\/kammermusik-im-bibliothekssaal.de\/index.php?rest_route=\/wp\/v2\/types\/post"}],"author":[{"embeddable":true,"href":"https:\/\/kammermusik-im-bibliothekssaal.de\/index.php?rest_route=\/wp\/v2\/users\/1"}],"replies":[{"embeddable":true,"href":"https:\/\/kammermusik-im-bibliothekssaal.de\/index.php?rest_route=%2Fwp%2Fv2%2Fcomments&post=1429"}],"version-history":[{"count":2,"href":"https:\/\/kammermusik-im-bibliothekssaal.de\/index.php?rest_route=\/wp\/v2\/posts\/1429\/revisions"}],"predecessor-version":[{"id":1431,"href":"https:\/\/kammermusik-im-bibliothekssaal.de\/index.php?rest_route=\/wp\/v2\/posts\/1429\/revisions\/1431"}],"wp:featuredmedia":[{"embeddable":true,"href":"https:\/\/kammermusik-im-bibliothekssaal.de\/index.php?rest_route=\/wp\/v2\/media\/1296"}],"wp:attachment":[{"href":"https:\/\/kammermusik-im-bibliothekssaal.de\/index.php?rest_route=%2Fwp%2Fv2%2Fmedia&parent=1429"}],"wp:term":[{"taxonomy":"category","embeddable":true,"href":"https:\/\/kammermusik-im-bibliothekssaal.de\/index.php?rest_route=%2Fwp%2Fv2%2Fcategories&post=1429"},{"taxonomy":"post_tag","embeddable":true,"href":"https:\/\/kammermusik-im-bibliothekssaal.de\/index.php?rest_route=%2Fwp%2Fv2%2Ftags&post=1429"}],"curies":[{"name":"wp","href":"https:\/\/api.w.org\/{rel}","templated":true}]}}