{"id":1419,"date":"2017-04-19T23:44:45","date_gmt":"2017-04-19T21:44:45","guid":{"rendered":"http:\/\/kammermusik-im-bibliothekssaal.de\/?p=1419"},"modified":"2017-04-20T00:14:12","modified_gmt":"2017-04-19T22:14:12","slug":"7-mai-2017-brahms-geburtstag","status":"publish","type":"post","link":"https:\/\/kammermusik-im-bibliothekssaal.de\/?p=1419","title":{"rendered":"7. Mai 2017: BRAHMS&#8216; GEBURTSTAG"},"content":{"rendered":"<p><img loading=\"lazy\" decoding=\"async\" class=\"wp-image-1296 alignleft\" src=\"https:\/\/kammermusik-im-bibliothekssaal.de\/wp-content\/uploads\/2016\/10\/Johannes_Brahms_portrait-e1476569494251.jpg\" alt=\"\" width=\"196\" height=\"254\" srcset=\"https:\/\/kammermusik-im-bibliothekssaal.de\/wp-content\/uploads\/2016\/10\/Johannes_Brahms_portrait-e1476569494251.jpg 471w, https:\/\/kammermusik-im-bibliothekssaal.de\/wp-content\/uploads\/2016\/10\/Johannes_Brahms_portrait-e1476569494251-116x150.jpg 116w, https:\/\/kammermusik-im-bibliothekssaal.de\/wp-content\/uploads\/2016\/10\/Johannes_Brahms_portrait-e1476569494251-231x300.jpg 231w\" sizes=\"(max-width: 196px) 100vw, 196px\" \/><\/p>\n<p><img loading=\"lazy\" decoding=\"async\" class=\"wp-image-1422 size-full alignright\" src=\"https:\/\/kammermusik-im-bibliothekssaal.de\/wp-content\/uploads\/2017\/04\/Berger-young.jpg\" alt=\"\" width=\"200\" height=\"254\" srcset=\"https:\/\/kammermusik-im-bibliothekssaal.de\/wp-content\/uploads\/2017\/04\/Berger-young.jpg 200w, https:\/\/kammermusik-im-bibliothekssaal.de\/wp-content\/uploads\/2017\/04\/Berger-young-118x150.jpg 118w\" sizes=\"(max-width: 200px) 100vw, 200px\" \/><strong>Zum 184. Geburtstag von Johannes Brahms<\/strong> erklingen in der alten Bibliothek Werke des Jubilars und von zwei Zeitgenossen, die beide auf besondere Weise mit Brahms verbunden waren:<\/p>\n<p><strong>Wilhelm Berger<\/strong> war Hofkapellmeister in Meiningen, wo Hans von B\u00fclow viele Orchesterwerke von Brahms urauff\u00fchrte. Das Klarinettentrio op. 94 von Wilhelm Berger ist ebenso wie die ber\u00fchmten Werke f\u00fcr Klarinette von Johannes Brahms (Trio op. 114, Quintett op. 115, Sonaten op. 120) von der Kunst des Soloklarinettisten der Meininger Hofkapelle Richard M\u00fchlfeld angeregt worden.<\/p>\n<p>Der 15j\u00e4hrige<strong> Ernst von Dohn\u00e1nyi<\/strong> lernte im Jahr 1892 Johannes Brahms kennen, der wenige Jahre sp\u00e4ter Dohn\u00e1nyis Klavierquintett op. 1 h\u00f6rte und sich daraufhin sehr f\u00fcr den jungen Pianisten und Komponisten einsetzte.<\/p>\n<p>Aus der Feder des Jubilars erklingt die (zweite) Sonate f\u00fcr Klavier und Violoncello F-Dur op. 99. Diese Sonate ist eines der Hauptwerke der Celloliteratur und eine immerw\u00e4hrende Herausforderung f\u00fcr Pianisten, Cellisten und Zuh\u00f6rer.<br \/>\nDas f\u00fcr dieses Konzert auch angek\u00fcndigte Klaviertrio C-Dur op. 87 muss leider aufgrund der im letzten Konzert schon deutlich sichtbaren Umst\u00e4nde der Geigerin Teresa Amanti ausfallen, wird aber in der kommenden Saison nachgeholt.<\/p>\n<p><strong>Karten<\/strong> zu diesem Konzert sind im Vorverkauf wie immer beim Landsberger Ticket-Service im Reiseb\u00fcro Vivell erh\u00e4ltlich.<br \/>\nReservierungen f\u00fcr die Abendkasse sind per Email unter karten@kammermusik-landsberg.de m\u00f6glich.<\/p>\n<p><strong>Das Programmheft<\/strong> zum Konzert k\u00f6nnen Sie hier heute schon lesen:<br \/>\n<a href=\"https:\/\/kammermusik-im-bibliothekssaal.de\/wp-content\/uploads\/2017\/04\/Programm_Brahms_Geburtstag.pdf\" target=\"_blank\">Programmheft 7. Mai 2017 als Pdf<\/a><\/p>\n","protected":false},"excerpt":{"rendered":"<p>Zum 184. Geburtstag von Johannes Brahms erklingen in der alten Bibliothek Werke des Jubilars und von zwei Zeitgenossen, die beide auf besondere Weise mit Brahms verbunden waren: Wilhelm Berger war Hofkapellmeister in Meiningen, wo Hans von B\u00fclow viele Orchesterwerke von<\/p>\n","protected":false},"author":1,"featured_media":1278,"comment_status":"closed","ping_status":"closed","sticky":false,"template":"","format":"standard","meta":{"footnotes":""},"categories":[1],"tags":[],"class_list":["post-1419","post","type-post","status-publish","format-standard","has-post-thumbnail","hentry","category-naechstes_konzert"],"_links":{"self":[{"href":"https:\/\/kammermusik-im-bibliothekssaal.de\/index.php?rest_route=\/wp\/v2\/posts\/1419"}],"collection":[{"href":"https:\/\/kammermusik-im-bibliothekssaal.de\/index.php?rest_route=\/wp\/v2\/posts"}],"about":[{"href":"https:\/\/kammermusik-im-bibliothekssaal.de\/index.php?rest_route=\/wp\/v2\/types\/post"}],"author":[{"embeddable":true,"href":"https:\/\/kammermusik-im-bibliothekssaal.de\/index.php?rest_route=\/wp\/v2\/users\/1"}],"replies":[{"embeddable":true,"href":"https:\/\/kammermusik-im-bibliothekssaal.de\/index.php?rest_route=%2Fwp%2Fv2%2Fcomments&post=1419"}],"version-history":[{"count":6,"href":"https:\/\/kammermusik-im-bibliothekssaal.de\/index.php?rest_route=\/wp\/v2\/posts\/1419\/revisions"}],"predecessor-version":[{"id":1427,"href":"https:\/\/kammermusik-im-bibliothekssaal.de\/index.php?rest_route=\/wp\/v2\/posts\/1419\/revisions\/1427"}],"wp:featuredmedia":[{"embeddable":true,"href":"https:\/\/kammermusik-im-bibliothekssaal.de\/index.php?rest_route=\/wp\/v2\/media\/1278"}],"wp:attachment":[{"href":"https:\/\/kammermusik-im-bibliothekssaal.de\/index.php?rest_route=%2Fwp%2Fv2%2Fmedia&parent=1419"}],"wp:term":[{"taxonomy":"category","embeddable":true,"href":"https:\/\/kammermusik-im-bibliothekssaal.de\/index.php?rest_route=%2Fwp%2Fv2%2Fcategories&post=1419"},{"taxonomy":"post_tag","embeddable":true,"href":"https:\/\/kammermusik-im-bibliothekssaal.de\/index.php?rest_route=%2Fwp%2Fv2%2Ftags&post=1419"}],"curies":[{"name":"wp","href":"https:\/\/api.w.org\/{rel}","templated":true}]}}