{"id":1125,"date":"2016-03-08T12:27:25","date_gmt":"2016-03-08T11:27:25","guid":{"rendered":"http:\/\/kammermusik-im-bibliothekssaal.de\/?p=1125"},"modified":"2016-03-08T12:27:25","modified_gmt":"2016-03-08T11:27:25","slug":"13-maerz-hamburger-leider-ausverkauft","status":"publish","type":"post","link":"https:\/\/kammermusik-im-bibliothekssaal.de\/?p=1125","title":{"rendered":"13. M\u00e4rz &#8211; HAMBURGER &#8211; LEIDER AUSVERKAUFT"},"content":{"rendered":"<p>F\u00fcr das Konzert am 13. M\u00e4rz 2016 mit Werken von Mozart, Dohn\u00e1nyi und Brahms gibt es leider heute schon keine Karten mehr.<\/p>\n<p>Es besteht die Chance auf nicht abgeholte Restkarten an der Abendkasse ab 17.15 Uhr.<\/p>\n<p>Das n\u00e4chste Konzert DREI MAL DREI mit Werken von Saint-Sa\u00ebns, Roslavez und Brahms findet am 8. Mai statt.<br \/>\nF\u00fcr dieses Konzert sind schon Reservierungen unter <a href=\"mailto:karten@kammermusik-landsberg.de\" target=\"_blank\">karten@kammermusik-landsberg.de<\/a> m\u00f6glich.<\/p>\n","protected":false},"excerpt":{"rendered":"<p>F\u00fcr das Konzert am 13. M\u00e4rz 2016 mit Werken von Mozart, Dohn\u00e1nyi und Brahms gibt es leider heute schon keine Karten mehr. Es besteht die Chance auf nicht abgeholte Restkarten an der Abendkasse ab 17.15 Uhr. Das n\u00e4chste Konzert DREI<\/p>\n","protected":false},"author":1,"featured_media":948,"comment_status":"closed","ping_status":"closed","sticky":false,"template":"","format":"standard","meta":{"footnotes":""},"categories":[1],"tags":[],"class_list":["post-1125","post","type-post","status-publish","format-standard","has-post-thumbnail","hentry","category-naechstes_konzert"],"_links":{"self":[{"href":"https:\/\/kammermusik-im-bibliothekssaal.de\/index.php?rest_route=\/wp\/v2\/posts\/1125"}],"collection":[{"href":"https:\/\/kammermusik-im-bibliothekssaal.de\/index.php?rest_route=\/wp\/v2\/posts"}],"about":[{"href":"https:\/\/kammermusik-im-bibliothekssaal.de\/index.php?rest_route=\/wp\/v2\/types\/post"}],"author":[{"embeddable":true,"href":"https:\/\/kammermusik-im-bibliothekssaal.de\/index.php?rest_route=\/wp\/v2\/users\/1"}],"replies":[{"embeddable":true,"href":"https:\/\/kammermusik-im-bibliothekssaal.de\/index.php?rest_route=%2Fwp%2Fv2%2Fcomments&post=1125"}],"version-history":[{"count":1,"href":"https:\/\/kammermusik-im-bibliothekssaal.de\/index.php?rest_route=\/wp\/v2\/posts\/1125\/revisions"}],"predecessor-version":[{"id":1126,"href":"https:\/\/kammermusik-im-bibliothekssaal.de\/index.php?rest_route=\/wp\/v2\/posts\/1125\/revisions\/1126"}],"wp:featuredmedia":[{"embeddable":true,"href":"https:\/\/kammermusik-im-bibliothekssaal.de\/index.php?rest_route=\/wp\/v2\/media\/948"}],"wp:attachment":[{"href":"https:\/\/kammermusik-im-bibliothekssaal.de\/index.php?rest_route=%2Fwp%2Fv2%2Fmedia&parent=1125"}],"wp:term":[{"taxonomy":"category","embeddable":true,"href":"https:\/\/kammermusik-im-bibliothekssaal.de\/index.php?rest_route=%2Fwp%2Fv2%2Fcategories&post=1125"},{"taxonomy":"post_tag","embeddable":true,"href":"https:\/\/kammermusik-im-bibliothekssaal.de\/index.php?rest_route=%2Fwp%2Fv2%2Ftags&post=1125"}],"curies":[{"name":"wp","href":"https:\/\/api.w.org\/{rel}","templated":true}]}}