{"id":1108,"date":"2016-02-24T12:26:48","date_gmt":"2016-02-24T11:26:48","guid":{"rendered":"http:\/\/kammermusik-im-bibliothekssaal.de\/?p=1108"},"modified":"2016-02-24T12:31:57","modified_gmt":"2016-02-24T11:31:57","slug":"naechstes-konzert-13-maerz-hamburger","status":"publish","type":"post","link":"https:\/\/kammermusik-im-bibliothekssaal.de\/?p=1108","title":{"rendered":"N\u00e4chstes Konzert: 13. M\u00e4rz 2016 &#8211; HAMBURGER"},"content":{"rendered":"<p><img loading=\"lazy\" decoding=\"async\" class=\"alignright wp-image-1096 size-medium\" src=\"https:\/\/kammermusik-im-bibliothekssaal.de\/wp-content\/uploads\/2016\/02\/Brahms-Quartett_1-300x225.jpg\" alt=\"Brahms-Quartett_1\" width=\"300\" height=\"225\" srcset=\"https:\/\/kammermusik-im-bibliothekssaal.de\/wp-content\/uploads\/2016\/02\/Brahms-Quartett_1-300x225.jpg 300w, https:\/\/kammermusik-im-bibliothekssaal.de\/wp-content\/uploads\/2016\/02\/Brahms-Quartett_1-768x576.jpg 768w, https:\/\/kammermusik-im-bibliothekssaal.de\/wp-content\/uploads\/2016\/02\/Brahms-Quartett_1.jpg 794w\" sizes=\"(max-width: 300px) 100vw, 300px\" \/>Das kommende Konzert &#8211; nach dem Ausflug in die Landmaschinenschule wieder in der alten Bibliothek &#8211; am Sonntag den 13. M\u00e4rz um 18 Uhr tr\u00e4gt den leicht irref\u00fchrenden Titel &#8222;Hamburger&#8220;.<\/p>\n<p>Wolfgang Amadeus Mozart hat Hamburg nachweislich nie besucht, Ernst von Dohn\u00e1nyi vielleicht schon, sicherlich aber hatten seine beiden ber\u00fchmten Enkel Klaus und Christoph in Hamburg im 20. Jahrhundert bedeutende Positionen inne: erster B\u00fcrgermeister und Chefdirigent.<br \/>\nJohannes Brahms ist geb\u00fcrtiger Hamburger, wenngleich er bei der Komposition seines Opus 60 schon lange in Wien lebte.<\/p>\n<p>Trotz dieses etwas weit hergeholten Titels verbindet die drei Werke des Abends einiges:<br \/>\nMozart erschuf 1785 mit seinem Quartett g-moll KV 478 eine neue Kammermusik-Gattung, das Klavierquartett. Ernst von Dohn\u00e1nyi hatte seinen ersten \u00f6ffentlichen Auftritt als neunj\u00e4hriger Pianist mit eben diesem Werk. Seine Serenade f\u00fcr Streichtrio op. 10 aus dem Jahr 1904 ist eines der bedeutendsten Werke f\u00fcr diese Besetzung. Dohn\u00e1nyi lernte im Jahr 1896 noch Johannes Brahms kennen, der sich stark f\u00fcr den begabten Pianisten und Komponisten einsetzte.<br \/>\nJohannes Brahms schrieb mit seinem dritten Klavierquartett c-moll op. 60 eines seiner pers\u00f6nlichsten und d\u00fcstersten Werke, gepr\u00e4gt von Suizidgedanken und der unerf\u00fcllten Liebe zu Clara Schumann, und gleichzeitig einen der H\u00f6hepunkte f\u00fcr diese Besetzung, die Mozart knapp hundert Jahre fr\u00fcher &#8222;erfand&#8220;.<\/p>\n<p>Es spielen Tomoko Nishikawa, Klavier, Kumiko Yamauchi, Violine, Tilbert Weigel, Viola und Franz Lichtenstern, Violoncello.<\/p>\n<p>Karten f\u00fcr dieses Konzert sind beim Kartenvorverkauf im Reiseb\u00fcro Vivell in Landsberg am Lech erh\u00e4ltlich oder k\u00f6nnen per Email unter <a href=\"mailto:karten@kammermusik-landsberg.de\" target=\"_blank\">karten@kammermusik-landsberg.de<\/a> f\u00fcr die Abendkasse reserviert werden.<\/p>\n","protected":false},"excerpt":{"rendered":"<p>Das kommende Konzert &#8211; nach dem Ausflug in die Landmaschinenschule wieder in der alten Bibliothek &#8211; am Sonntag den 13. M\u00e4rz um 18 Uhr tr\u00e4gt den leicht irref\u00fchrenden Titel &#8222;Hamburger&#8220;. Wolfgang Amadeus Mozart hat Hamburg nachweislich nie besucht, Ernst von<\/p>\n","protected":false},"author":1,"featured_media":948,"comment_status":"closed","ping_status":"closed","sticky":false,"template":"","format":"standard","meta":{"footnotes":""},"categories":[1],"tags":[],"class_list":["post-1108","post","type-post","status-publish","format-standard","has-post-thumbnail","hentry","category-naechstes_konzert"],"_links":{"self":[{"href":"https:\/\/kammermusik-im-bibliothekssaal.de\/index.php?rest_route=\/wp\/v2\/posts\/1108"}],"collection":[{"href":"https:\/\/kammermusik-im-bibliothekssaal.de\/index.php?rest_route=\/wp\/v2\/posts"}],"about":[{"href":"https:\/\/kammermusik-im-bibliothekssaal.de\/index.php?rest_route=\/wp\/v2\/types\/post"}],"author":[{"embeddable":true,"href":"https:\/\/kammermusik-im-bibliothekssaal.de\/index.php?rest_route=\/wp\/v2\/users\/1"}],"replies":[{"embeddable":true,"href":"https:\/\/kammermusik-im-bibliothekssaal.de\/index.php?rest_route=%2Fwp%2Fv2%2Fcomments&post=1108"}],"version-history":[{"count":3,"href":"https:\/\/kammermusik-im-bibliothekssaal.de\/index.php?rest_route=\/wp\/v2\/posts\/1108\/revisions"}],"predecessor-version":[{"id":1111,"href":"https:\/\/kammermusik-im-bibliothekssaal.de\/index.php?rest_route=\/wp\/v2\/posts\/1108\/revisions\/1111"}],"wp:featuredmedia":[{"embeddable":true,"href":"https:\/\/kammermusik-im-bibliothekssaal.de\/index.php?rest_route=\/wp\/v2\/media\/948"}],"wp:attachment":[{"href":"https:\/\/kammermusik-im-bibliothekssaal.de\/index.php?rest_route=%2Fwp%2Fv2%2Fmedia&parent=1108"}],"wp:term":[{"taxonomy":"category","embeddable":true,"href":"https:\/\/kammermusik-im-bibliothekssaal.de\/index.php?rest_route=%2Fwp%2Fv2%2Fcategories&post=1108"},{"taxonomy":"post_tag","embeddable":true,"href":"https:\/\/kammermusik-im-bibliothekssaal.de\/index.php?rest_route=%2Fwp%2Fv2%2Ftags&post=1108"}],"curies":[{"name":"wp","href":"https:\/\/api.w.org\/{rel}","templated":true}]}}